{"id":128468,"date":"2019-07-12T14:05:13","date_gmt":"2019-07-12T12:05:13","guid":{"rendered":"https:\/\/cyclingpro.net\/velopro\/?p=128468"},"modified":"2019-07-12T14:38:34","modified_gmt":"2019-07-12T12:38:34","slug":"tour-dautriche-aleksander-vlasov-simpose-au-sommet-de-kitzbuheler-horn-le-general-pour-ben-hermans","status":"publish","type":"post","link":"https:\/\/cyclingpro.net\/velopro\/course\/osterreich-rundfahrt-tour-of-austria\/tour-dautriche-aleksander-vlasov-simpose-au-sommet-de-kitzbuheler-horn-le-general-pour-ben-hermans\/","title":{"rendered":"Tour d&rsquo;Autriche : Aleksander Vlasov s&rsquo;impose au sommet, le g\u00e9n\u00e9ral pour Ben Hermans"},"content":{"rendered":"<p>Aujourd\u2019hui se disputait la derni\u00e8re \u00e9tape qui \u00e9tait aussi l\u2019\u00e9tape reine de ce Tour d\u2019Autriche, arrivant au sommet de la station de ski de Kitzb\u00fchel. Avec seulement 116,7km de course le col final d\u2019une distance de 6,7 km \u00e0 13% juge de paix de l\u2019\u00e9tape. Un groupe de 8 coureurs composent \u00e9chapp\u00e9e matinale dont le fran\u00e7ais Alexis Gu\u00e9rin (Delko Marseille Provence) et le soci\u00e9taire d\u2019Arkea Samsic Connor Swift.<\/p>\n<p>Les \u00e9chapp\u00e9es se font reprendre un par un an dans l\u2019ascension finale sous l\u2019impulsion d\u2019Isra\u00ebl Cycling Academy du leader Ben Hermans. Rapidement une quinzaine de coureurs vont se d\u00e9tacher, le vainqueur sera forc\u00e9ment dedans. Sous l&rsquo;impulsion d&rsquo;un coureur de la Movistar personne n&rsquo;arrive \u00e0 se d\u00e9tacher. Le local Riccardo Zoidl (CCC Team) est le premier coureur \u00e0 passer \u00e0 l&rsquo;offensive. Seul coureur \u00e0 r\u00e9ussir \u00e0 revenir sur l&rsquo;Autrichien, Amanuel Ghebreigzabhier (Dimension Data), mais l&rsquo;\u00c9rythr\u00e9en bute \u00e0 quelques m\u00e8tres de l&rsquo;homme de t\u00eate. L&rsquo;Autrichien finit par craquer dans les deux derniers kilom\u00e8tres, se faisant reprendre puis distanc\u00e9 par un groupe de 5 coureurs.<\/p>\n<p>Sur les terribles pentes de\u00a0<span class=\"red\">Kitzb\u00fcheler Horn la victoire va se jouer entre le champion de Russie Aleksander Vlasov (Gazprom RusVelo),\u00a0Amanuel Ghebreigzabhier (Dimension Data) et Patrick Schelling (Team Voralberg Santic). Le jeune Russe s&rsquo;impose finalement en solitaire en d\u00e9posant tous ses adversaires et poursuit son incroyable saison ! Au g\u00e9n\u00e9ral Ben Hermans (Isra\u00ebl Cycling Academy) s&rsquo;impose en finissant \u00e0 une poign\u00e9e de seconde du vainqueur du jour, il garde par la m\u00eame occasion son titre puisqu&rsquo;il avait d\u00e9j\u00e0 remport\u00e9 le Tour d&rsquo;Autriche en 2018.\u00a0<\/span><\/p>\n<p><strong>Classement de la cinqui\u00e8me \u00e9tape :<br \/>\n<\/strong>1.\u00a0<span class=\"red\">Aleksander Vlasov (Gazprom RusVelo) en 2h54&rsquo;12\u00a0\u00bb<\/span><br \/>\n2.\u00a0<span class=\"red\">Patrick Schelling (Team Voralberg Santic) \u00e0 2\u00a0\u00bb<\/span><br \/>\n3.\u00a0<span class=\"red\">Amanuel Ghebreigzabhier (Dimension Data) \u00e0 20&Prime;<\/span><br \/>\n4. Eduardo Sepulveda (Movistar) \u00e0 24&Prime;<br \/>\n5. Stefan de Bod (Dimension Data) \u00e0 29&Prime;<br \/>\n6.\u00a0<span class=\"red\">Jos\u00e9 Manuel Diaz (Team Voralberg Santic) \u00e0 38&Prime;<\/span><br \/>\n7.\u00a0<span class=\"red\">Ben Hermans (Isra\u00ebl Cycling Academy) m.t.<\/span><br \/>\n8.\u00a0Riccardo Zoidl (CCC Team) m.t.<br \/>\n9.\u00a0Victor de la Parte (CCC Team) \u00e0 53&Prime;<br \/>\n10.\u00a0Eliot Lietaer (Wallonie-Bruxelles) \u00e0 59&Prime;<\/p>\n<p><strong>Classement g\u00e9n\u00e9ral final :<\/strong><br \/>\n1.\u00a0<span class=\"red\">Ben Hermans (Isra\u00ebl Cycling Academy) en 22h31&rsquo;22\u00a0\u00bb<\/span><br \/>\n2.\u00a0Eduardo Sepulveda (Movistar) \u00e0 20&Prime;<br \/>\n3.\u00a0Stefan de Bod (Dimension Data) \u00e0 38&Prime;<br \/>\n4.\u00a0\u00a0Winner Anacona (Movistar) \u00e0 41&Prime;<br \/>\n5.\u00a0<span class=\"red\">Aleksander Vlasov (Gazprom RusVelo) \u00e0 52&Prime;<\/span><br \/>\n6.\u00a0Ben O\u2019Connor (Dimension Data) \u00e0 1&rsquo;08\u00a0\u00bb<br \/>\n7.\u00a0Riccardo Zoidl (CCC Team)\u00a0 \u00e0 1&rsquo;10\u00a0\u00bb<br \/>\n8.\u00a0<span class=\"red\">Amanuel Ghebreigzabhier (Dimension Data) \u00e0 1&rsquo;13\u00a0\u00bb<\/span><br \/>\n9.\u00a0<span class=\"red\">Patrick Schelling (Team Voralberg Santic) \u00e0 1&rsquo;29\u00a0\u00bb<\/span><br \/>\n10.\u00a0Victor de la Parte (CCC Team) \u00e0 1&rsquo;48\u00a0\u00bb<\/p>\n","protected":false},"excerpt":{"rendered":"<p>Aujourd\u2019hui se disputait la derni\u00e8re \u00e9tape qui \u00e9tait aussi l\u2019\u00e9tape reine de ce Tour d\u2019Autriche, arrivant au sommet de la station de ski de Kitzb\u00fchel. Avec seulement 116,7km de course le col final d\u2019une distance de 6,7 km \u00e0 13% juge de paix de l\u2019\u00e9tape. Un groupe de 8 coureurs composent \u00e9chapp\u00e9e matinale dont le &hellip;<\/p>\n","protected":false},"author":18,"featured_media":0,"comment_status":"open","ping_status":"open","sticky":false,"template":"","format":"standard","meta":{"footnotes":""},"categories":[11,25,14,135],"tags":[],"class_list":["post-128468","post","type-post","status-publish","format-standard","hentry","category-news-niveau-2","category-news","category-resultats","category-osterreich-rundfahrt-tour-of-austria"],"_links":{"self":[{"href":"https:\/\/cyclingpro.net\/velopro\/wp-json\/wp\/v2\/posts\/128468","targetHints":{"allow":["GET"]}}],"collection":[{"href":"https:\/\/cyclingpro.net\/velopro\/wp-json\/wp\/v2\/posts"}],"about":[{"href":"https:\/\/cyclingpro.net\/velopro\/wp-json\/wp\/v2\/types\/post"}],"author":[{"embeddable":true,"href":"https:\/\/cyclingpro.net\/velopro\/wp-json\/wp\/v2\/users\/18"}],"replies":[{"embeddable":true,"href":"https:\/\/cyclingpro.net\/velopro\/wp-json\/wp\/v2\/comments?post=128468"}],"version-history":[{"count":9,"href":"https:\/\/cyclingpro.net\/velopro\/wp-json\/wp\/v2\/posts\/128468\/revisions"}],"predecessor-version":[{"id":128484,"href":"https:\/\/cyclingpro.net\/velopro\/wp-json\/wp\/v2\/posts\/128468\/revisions\/128484"}],"wp:attachment":[{"href":"https:\/\/cyclingpro.net\/velopro\/wp-json\/wp\/v2\/media?parent=128468"}],"wp:term":[{"taxonomy":"category","embeddable":true,"href":"https:\/\/cyclingpro.net\/velopro\/wp-json\/wp\/v2\/categories?post=128468"},{"taxonomy":"post_tag","embeddable":true,"href":"https:\/\/cyclingpro.net\/velopro\/wp-json\/wp\/v2\/tags?post=128468"}],"curies":[{"name":"wp","href":"https:\/\/api.w.org\/{rel}","templated":true}]}}