{"id":128129,"date":"2019-07-11T10:22:49","date_gmt":"2019-07-11T08:22:49","guid":{"rendered":"https:\/\/cyclingpro.net\/velopro\/?p=128129"},"modified":"2019-07-11T10:30:53","modified_gmt":"2019-07-11T08:30:53","slug":"tour-de-france-patrick-bevin-quitte-la-course-avec-deux-cotes-fracturees","status":"publish","type":"post","link":"https:\/\/cyclingpro.net\/velopro\/course\/tour-de-france\/tour-de-france-patrick-bevin-quitte-la-course-avec-deux-cotes-fracturees\/","title":{"rendered":"Tour de France : Patrick Bevin quitte la course avec deux c\u00f4tes fractur\u00e9es"},"content":{"rendered":"<p style=\"text-align: justify;\">Le premier abandon du Tour de France 2019. Les 176 coureurs engag\u00e9s au d\u00e9part de Bruxelles avaient pourtant tous termin\u00e9 la cinqui\u00e8me \u00e9tape, mais l&rsquo;un d&rsquo;entre eux ne se pr\u00e9sentera pas au d\u00e9part ce jeudi. Tomb\u00e9 lors de la quatri\u00e8me \u00e9tape, Patrick Bevin s&rsquo;est accroch\u00e9 pendant deux jours, mais la douleur \u00e9tait devenue insupportable. Le N\u00e9o-Z\u00e9landais de la CCC a alors pass\u00e9 un scanner \u00e0 l&rsquo;arriv\u00e9e ce mercredi. Les examens ont r\u00e9v\u00e9l\u00e9 qu&rsquo;il courait avec deux c\u00f4tes fractur\u00e9es depuis sa chute. Il quitte donc la course et devrait \u00eatre au repos forc\u00e9 pendant au moins deux semaines.<\/p>\n<p style=\"text-align: justify;\">\u00ab <em>Patrick a chut\u00e9 lors de la quatri\u00e8me \u00e9tape<\/em>.\u00a0<em>Les premi\u00e8res observations ont montr\u00e9 qu&rsquo;il avait une douleur aux c\u00f4tes et quelques contusions, mais qu&rsquo;il pouvait continuer la course<\/em>, d\u00e9taillait le m\u00e9decin de l&rsquo;\u00e9quipe Max Testa. <em>Cependant, Patrick a endur\u00e9 de grosses douleurs hier et a \u00e9t\u00e9 directement conduit pour passer un scanner \u00e0 l&rsquo;arriv\u00e9e. Les rayons X ont r\u00e9v\u00e9l\u00e9 deux fractures : \u00e0 la septi\u00e8me et \u00e0 la huiti\u00e8me c\u00f4te, sur son flanc gauche. Comme c&rsquo;est souvent le cas avec ce type de blessure, la douleur augmente dans les jours suivants la chute. M\u00eame si Patrick voulait se pr\u00e9senter au d\u00e9part aujourd&rsquo;hui, nous avons d\u00e9cid\u00e9 collectivement qu&rsquo;il devait arr\u00eater la course. Il va avoir besoin de deux semaines de repos avant de reprendre un entra\u00eenement l\u00e9ger. Patrick devrait avoir r\u00e9cup\u00e9r\u00e9 compl\u00e8tement d&rsquo;ici un mois, il sera de retour pour la seconde moiti\u00e9 de la saison.<\/em> \u00bb<\/p>\n<blockquote class=\"twitter-tweet\" data-lang=\"fr\">\n<p dir=\"ltr\" lang=\"en\">NEWS: Unfortunately, <a href=\"https:\/\/twitter.com\/PaddyBevin?ref_src=twsrc%5Etfw\">@PaddyBevin<\/a> has been forced to withdraw from <a href=\"https:\/\/twitter.com\/hashtag\/TDF2019?src=hash&amp;ref_src=twsrc%5Etfw\">#TDF2019<\/a> due to two fractured ribs sustained in a crash on stage four. We&rsquo;re sad to see Paddy go but it&rsquo;s the best thing for his recovery. Join us in wishing him well!<\/p>\n<p>Full report &#x1f449; <a href=\"https:\/\/t.co\/WMMZ9NeU72\">https:\/\/t.co\/WMMZ9NeU72<\/a> <a href=\"https:\/\/t.co\/0BGcF94ST0\">pic.twitter.com\/0BGcF94ST0<\/a><\/p>\n<p>\u2014 CCC Team (@CCCProTeam) <a href=\"https:\/\/twitter.com\/CCCProTeam\/status\/1149229346571390977?ref_src=twsrc%5Etfw\">11 juillet 2019<\/a><\/p><\/blockquote>\n<p><script async src=\"https:\/\/platform.twitter.com\/widgets.js\" charset=\"utf-8\"><\/script><\/p>\n","protected":false},"excerpt":{"rendered":"<p>Le premier abandon du Tour de France 2019. Les 176 coureurs engag\u00e9s au d\u00e9part de Bruxelles avaient pourtant tous termin\u00e9 la cinqui\u00e8me \u00e9tape, mais l&rsquo;un d&rsquo;entre eux ne se pr\u00e9sentera pas au d\u00e9part ce jeudi. Tomb\u00e9 lors de la quatri\u00e8me \u00e9tape, Patrick Bevin s&rsquo;est accroch\u00e9 pendant deux jours, mais la douleur \u00e9tait devenue insupportable. Le &hellip;<\/p>\n","protected":false},"author":15,"featured_media":99463,"comment_status":"open","ping_status":"open","sticky":false,"template":"","format":"standard","meta":{"footnotes":""},"categories":[11,41,25,15,39,19,28],"tags":[],"class_list":["post-128129","post","type-post","status-publish","format-standard","has-post-thumbnail","hentry","category-news-niveau-2","category-infirmerie","category-news","category-route","category-tour-de-france","category-worldtour","category-course"],"_links":{"self":[{"href":"https:\/\/cyclingpro.net\/velopro\/wp-json\/wp\/v2\/posts\/128129","targetHints":{"allow":["GET"]}}],"collection":[{"href":"https:\/\/cyclingpro.net\/velopro\/wp-json\/wp\/v2\/posts"}],"about":[{"href":"https:\/\/cyclingpro.net\/velopro\/wp-json\/wp\/v2\/types\/post"}],"author":[{"embeddable":true,"href":"https:\/\/cyclingpro.net\/velopro\/wp-json\/wp\/v2\/users\/15"}],"replies":[{"embeddable":true,"href":"https:\/\/cyclingpro.net\/velopro\/wp-json\/wp\/v2\/comments?post=128129"}],"version-history":[{"count":6,"href":"https:\/\/cyclingpro.net\/velopro\/wp-json\/wp\/v2\/posts\/128129\/revisions"}],"predecessor-version":[{"id":128135,"href":"https:\/\/cyclingpro.net\/velopro\/wp-json\/wp\/v2\/posts\/128129\/revisions\/128135"}],"wp:featuredmedia":[{"embeddable":true,"href":"https:\/\/cyclingpro.net\/velopro\/wp-json\/wp\/v2\/media\/99463"}],"wp:attachment":[{"href":"https:\/\/cyclingpro.net\/velopro\/wp-json\/wp\/v2\/media?parent=128129"}],"wp:term":[{"taxonomy":"category","embeddable":true,"href":"https:\/\/cyclingpro.net\/velopro\/wp-json\/wp\/v2\/categories?post=128129"},{"taxonomy":"post_tag","embeddable":true,"href":"https:\/\/cyclingpro.net\/velopro\/wp-json\/wp\/v2\/tags?post=128129"}],"curies":[{"name":"wp","href":"https:\/\/api.w.org\/{rel}","templated":true}]}}