{"id":127905,"date":"2019-07-10T12:06:00","date_gmt":"2019-07-10T10:06:00","guid":{"rendered":"https:\/\/cyclingpro.net\/velopro\/?p=127905"},"modified":"2019-07-10T12:06:00","modified_gmt":"2019-07-10T10:06:00","slug":"wout-poels-envisage-un-depart-dineos-je-prendrai-une-decision-apres-le-tour","status":"publish","type":"post","link":"https:\/\/cyclingpro.net\/velopro\/course\/tour-de-france\/wout-poels-envisage-un-depart-dineos-je-prendrai-une-decision-apres-le-tour\/","title":{"rendered":"Wout Poels envisage un d\u00e9part d&rsquo;Ineos : \u00ab Je prendrai une d\u00e9cision apr\u00e8s le Tour \u00bb"},"content":{"rendered":"<p style=\"text-align: justify;\">Wout Poels sonde le march\u00e9. Lieutenant de luxe d&rsquo;Egan Bernal et Geraint Thomas sur le Tour de France, le coureur n\u00e9erlandais de 31 ans envisage de changer d&rsquo;air. Dans un entretien accord\u00e9 au m\u00e9dia <em>De Limburger<\/em>, il \u00e9voque son envie de courir pour ses propres chances \u00e0 l&rsquo;avenir.\u00a0\u00ab <em>Le moment est venu de me demander si je suis heureux dans l&rsquo;\u00e9quipe. Je me sens chez moi avec Ineos, l\u00e0 n&rsquo;est pas la question. Mais on ne me donnera jamais l&rsquo;opportunit\u00e9 d&rsquo;\u00eatre leader sur un Grand Tour ni m\u00eame de jouer une victoire d&rsquo;\u00e9tape.<\/em> \u00bb<\/p>\n<p style=\"text-align: justify;\">Sur le r\u00e9cent Crit\u00e9rium du Dauphin\u00e9, Poels a eu une opportunit\u00e9 et l&rsquo;a saisie des deux mains. Sa libert\u00e9 n&rsquo;\u00e9tait alors due qu&rsquo;\u00e0 la terrible chute de son leader Chris Froome. Rel\u00e9gu\u00e9 au quatri\u00e8me rang de la hi\u00e9rarchie d&rsquo;Ineos, l&rsquo;excellent grimpeur sait bien qu&rsquo;il est et restera cantonn\u00e9 au r\u00f4le d&rsquo;\u00e9quipier.\u00a0\u00ab <em>Je ne gagnerai pas sur le Tour car je ne peux pas jouer ma propre chance. Ils m&rsquo;ont demand\u00e9 si je voulais participer en tant qu&rsquo;\u00e9quipier, j&rsquo;ai dit oui. Je respecte le plan, un accord est un accord<\/em>, r\u00e9agissait Poels, dont le contrat arrivera \u00e0 \u00e9ch\u00e9ance en fin de saison. <em>A l&rsquo;avenir, je veux pouvoir jouer ma chance de temps en temps. Je prendrai une d\u00e9cision apr\u00e8s le Tour.<\/em> \u00bb Selon <em>De Limburger<\/em>, l&rsquo;agent du N\u00e9erlandais est d\u00e9j\u00e0 en discussion avec plusieurs \u00e9quipes. Une prolongation chez Ineos ne serait malgr\u00e9 tout pas \u00e0 exclure.<\/p>\n","protected":false},"excerpt":{"rendered":"<p>Wout Poels sonde le march\u00e9. Lieutenant de luxe d&rsquo;Egan Bernal et Geraint Thomas sur le Tour de France, le coureur n\u00e9erlandais de 31 ans envisage de changer d&rsquo;air. Dans un entretien accord\u00e9 au m\u00e9dia De Limburger, il \u00e9voque son envie de courir pour ses propres chances \u00e0 l&rsquo;avenir.\u00a0\u00ab Le moment est venu de me demander &hellip;<\/p>\n","protected":false},"author":15,"featured_media":124460,"comment_status":"open","ping_status":"open","sticky":false,"template":"","format":"standard","meta":{"footnotes":""},"categories":[11,8,25,15,39,19,28],"tags":[],"class_list":["post-127905","post","type-post","status-publish","format-standard","has-post-thumbnail","hentry","category-news-niveau-2","category-interviews","category-news","category-route","category-tour-de-france","category-worldtour","category-course"],"_links":{"self":[{"href":"https:\/\/cyclingpro.net\/velopro\/wp-json\/wp\/v2\/posts\/127905","targetHints":{"allow":["GET"]}}],"collection":[{"href":"https:\/\/cyclingpro.net\/velopro\/wp-json\/wp\/v2\/posts"}],"about":[{"href":"https:\/\/cyclingpro.net\/velopro\/wp-json\/wp\/v2\/types\/post"}],"author":[{"embeddable":true,"href":"https:\/\/cyclingpro.net\/velopro\/wp-json\/wp\/v2\/users\/15"}],"replies":[{"embeddable":true,"href":"https:\/\/cyclingpro.net\/velopro\/wp-json\/wp\/v2\/comments?post=127905"}],"version-history":[{"count":2,"href":"https:\/\/cyclingpro.net\/velopro\/wp-json\/wp\/v2\/posts\/127905\/revisions"}],"predecessor-version":[{"id":127907,"href":"https:\/\/cyclingpro.net\/velopro\/wp-json\/wp\/v2\/posts\/127905\/revisions\/127907"}],"wp:featuredmedia":[{"embeddable":true,"href":"https:\/\/cyclingpro.net\/velopro\/wp-json\/wp\/v2\/media\/124460"}],"wp:attachment":[{"href":"https:\/\/cyclingpro.net\/velopro\/wp-json\/wp\/v2\/media?parent=127905"}],"wp:term":[{"taxonomy":"category","embeddable":true,"href":"https:\/\/cyclingpro.net\/velopro\/wp-json\/wp\/v2\/categories?post=127905"},{"taxonomy":"post_tag","embeddable":true,"href":"https:\/\/cyclingpro.net\/velopro\/wp-json\/wp\/v2\/tags?post=127905"}],"curies":[{"name":"wp","href":"https:\/\/api.w.org\/{rel}","templated":true}]}}