{"id":127798,"date":"2019-07-09T14:11:39","date_gmt":"2019-07-09T12:11:39","guid":{"rendered":"https:\/\/cyclingpro.net\/velopro\/?p=127798"},"modified":"2019-07-09T14:11:39","modified_gmt":"2019-07-09T12:11:39","slug":"deceuninck-quick-step-florian-senechal-prolonge-pour-deux-ans-officiel","status":"publish","type":"post","link":"https:\/\/cyclingpro.net\/velopro\/mercato\/deceuninck-quick-step-florian-senechal-prolonge-pour-deux-ans-officiel\/","title":{"rendered":"Deceuninck Quick Step : Florian Senechal prolonge pour deux ans (officiel)"},"content":{"rendered":"<p>Comme annonc\u00e9 il y a quelques jours dans le quotidien belge Het Nieuswblad <strong>(<a href=\"https:\/\/cyclingpro.net\/velopro\/news-niveau-2\/mercato-florian-senechal-prolonge-de-deux-ans-avec-deceuninck-quick-step\/\">lire ici<\/a>)<\/strong>, Florian Senechal prolonge pour deux au sein du Wolf Pack. Tr\u00e8s performant sur les classiques flandriennes cette saison, il poursuivra l&rsquo;aventure avec la formation belge pouvant devenir l&rsquo;un des leaders de la Deceuninck Quick Step sur les classiques flandriennes dans les ann\u00e9es \u00e0 venir. Le coureur fran\u00e7ais a d\u00e9clar\u00e9 :\u00a0<em>\u00ab\u00a0je suis tr\u00e8s heureux de signer \u00e0 nouveau au sein du Wolf Pack et je remercie la confiance des sponsors et de Patrick Lefevere\u00a0\u00bb.<\/em><\/p>\n<blockquote class=\"twitter-tweet\" data-lang=\"en\">\n<p dir=\"ltr\" lang=\"en\">The good news keep on coming during this first week of <a href=\"https:\/\/twitter.com\/hashtag\/TDF2019?src=hash&amp;ref_src=twsrc%5Etfw\">#TDF2019<\/a>!<br \/>\nWinner of Le Samyn and a top 10 finisher at Paris-Roubaix this season, <a href=\"https:\/\/twitter.com\/flosenech?ref_src=twsrc%5Etfw\">@flosenech<\/a> has agreed to a new contract with Deceuninck &#8211; Quick-Step: <a href=\"https:\/\/t.co\/dYdmr3TvUd\">https:\/\/t.co\/dYdmr3TvUd<\/a> <a href=\"https:\/\/t.co\/b1LGd99GLB\">pic.twitter.com\/b1LGd99GLB<\/a><\/p>\n<p>\u2014 Deceuninck-QuickStep (@deceuninck_qst) <a href=\"https:\/\/twitter.com\/deceuninck_qst\/status\/1148562415409389568?ref_src=twsrc%5Etfw\">July 9, 2019<\/a><\/p><\/blockquote>\n<p><script async src=\"https:\/\/platform.twitter.com\/widgets.js\" charset=\"utf-8\"><\/script><\/p>\n","protected":false},"excerpt":{"rendered":"<p>Comme annonc\u00e9 il y a quelques jours dans le quotidien belge Het Nieuswblad (lire ici), Florian Senechal prolonge pour deux au sein du Wolf Pack. Tr\u00e8s performant sur les classiques flandriennes cette saison, il poursuivra l&rsquo;aventure avec la formation belge pouvant devenir l&rsquo;un des leaders de la Deceuninck Quick Step sur les classiques flandriennes dans &hellip;<\/p>\n","protected":false},"author":18,"featured_media":121882,"comment_status":"open","ping_status":"open","sticky":false,"template":"","format":"standard","meta":{"footnotes":""},"categories":[11,25,10],"tags":[],"class_list":["post-127798","post","type-post","status-publish","format-standard","has-post-thumbnail","hentry","category-news-niveau-2","category-news","category-mercato"],"_links":{"self":[{"href":"https:\/\/cyclingpro.net\/velopro\/wp-json\/wp\/v2\/posts\/127798","targetHints":{"allow":["GET"]}}],"collection":[{"href":"https:\/\/cyclingpro.net\/velopro\/wp-json\/wp\/v2\/posts"}],"about":[{"href":"https:\/\/cyclingpro.net\/velopro\/wp-json\/wp\/v2\/types\/post"}],"author":[{"embeddable":true,"href":"https:\/\/cyclingpro.net\/velopro\/wp-json\/wp\/v2\/users\/18"}],"replies":[{"embeddable":true,"href":"https:\/\/cyclingpro.net\/velopro\/wp-json\/wp\/v2\/comments?post=127798"}],"version-history":[{"count":1,"href":"https:\/\/cyclingpro.net\/velopro\/wp-json\/wp\/v2\/posts\/127798\/revisions"}],"predecessor-version":[{"id":127799,"href":"https:\/\/cyclingpro.net\/velopro\/wp-json\/wp\/v2\/posts\/127798\/revisions\/127799"}],"wp:featuredmedia":[{"embeddable":true,"href":"https:\/\/cyclingpro.net\/velopro\/wp-json\/wp\/v2\/media\/121882"}],"wp:attachment":[{"href":"https:\/\/cyclingpro.net\/velopro\/wp-json\/wp\/v2\/media?parent=127798"}],"wp:term":[{"taxonomy":"category","embeddable":true,"href":"https:\/\/cyclingpro.net\/velopro\/wp-json\/wp\/v2\/categories?post=127798"},{"taxonomy":"post_tag","embeddable":true,"href":"https:\/\/cyclingpro.net\/velopro\/wp-json\/wp\/v2\/tags?post=127798"}],"curies":[{"name":"wp","href":"https:\/\/api.w.org\/{rel}","templated":true}]}}