{"id":127699,"date":"2019-07-08T18:20:10","date_gmt":"2019-07-08T16:20:10","guid":{"rendered":"https:\/\/cyclingpro.net\/velopro\/?p=127699"},"modified":"2019-07-08T18:21:49","modified_gmt":"2019-07-08T16:21:49","slug":"julian-alaphilippe-jai-tellement-reve-de-ce-scenario","status":"publish","type":"post","link":"https:\/\/cyclingpro.net\/velopro\/course\/tour-de-france\/julian-alaphilippe-jai-tellement-reve-de-ce-scenario\/","title":{"rendered":"Julian Alaphilippe : \u00ab J&rsquo;ai tellement r\u00eav\u00e9 de ce sc\u00e9nario \u00bb"},"content":{"rendered":"<p style=\"text-align: justify;\">Julian Alaphilippe r\u00e9alise son r\u00eave. D\u00e9j\u00e0 vainqueur \u00e0 deux reprises sur le Tour de France l&rsquo;an dernier, le num\u00e9ro 1 mondial a sign\u00e9 une troisi\u00e8me victoire sur l&rsquo;\u00e9preuve ce lundi. Parti dans la C\u00f4te de Mutigny (900m \u00e0 12,2%), il s&rsquo;est envol\u00e9 en solitaire vers une nouvelle victoire de prestige, sa onzi\u00e8me de la saison. Arriv\u00e9 seul \u00e0 \u00c9pernay avec 26 secondes d&rsquo;avance, il s&#8217;empare de son premier maillot jaune.\u00a0\u00ab <em>Je ne r\u00e9alise pas<\/em>, r\u00e9agissait-il \u00e0 chaud, au micro de France 2. <em>Aujourd&rsquo;hui, j&rsquo;\u00e9tais tr\u00e8s motiv\u00e9 pour faire une belle \u00e9tape. Je savais que le final me correspondait bien, j&rsquo;ai donc fait attention \u00e0 ne pas me faire pi\u00e9ger. J&rsquo;ai senti que les jambes \u00e9taient bonnes dans la derni\u00e8re c\u00f4te. Je ne pensais pas m&rsquo;isoler si loin de l&rsquo;arriv\u00e9e, mais finalement, je ne me suis pas retourn\u00e9. J&rsquo;ai vu que j&rsquo;avais 30 secondes, puis 40&#8230; J&rsquo;ai tout donn\u00e9 jusqu&rsquo;au bout.<\/em> \u00bb<\/p>\n<h6><strong><a href=\"https:\/\/cyclingpro.net\/velopro\/course\/tour-de-france\/le-classement-des-favoris-du-tour-alaphilippe-se-pare-de-jaune-pinot-et-bernal-grappillent-des-secondes\/\">Lire aussi &gt; Le classement des favoris du Tour : Alaphilippe en jaune, Pinot et Bernal grappillent des secondes<\/a><\/strong><\/h6>\n<p style=\"text-align: justify;\">Pourtant tr\u00e8s attendu et marqu\u00e9 de pr\u00e8s, Alaphilippe s&rsquo;est litt\u00e9ralement envol\u00e9 sur les pourcentages les plus durs de Mutigny. \u00ab <em>C&rsquo;est toujours difficile de r\u00e9pondre pr\u00e9sent quand on est attendu<\/em> \u00bb, r\u00e9sumait-il avant de fondre en larmes et de rejoindre le podium. Apr\u00e8s avoir enfil\u00e9 le maillot jaune, il s&rsquo;est repr\u00e9sent\u00e9 \u00e0 la presse.\u00a0\u00ab <em>J&rsquo;ai vraiment compris quand on me l&rsquo;a mis sur le dos<\/em>, pouvait alors exulter le meilleur repr\u00e9sentant de la Deceuninck-Quick Step. <em>J&rsquo;ai tellement r\u00eav\u00e9 de ce sc\u00e9nario&#8230; Je vais maintenant me battre pour le garder le plus longtemps possible. Je veux profiter au maximum. C&rsquo;est la r\u00e9compense de tout le travail accompli depuis que je suis mont\u00e9 sur un v\u00e9lo.<\/em> \u00bb<\/p>\n","protected":false},"excerpt":{"rendered":"<p>Julian Alaphilippe r\u00e9alise son r\u00eave. D\u00e9j\u00e0 vainqueur \u00e0 deux reprises sur le Tour de France l&rsquo;an dernier, le num\u00e9ro 1 mondial a sign\u00e9 une troisi\u00e8me victoire sur l&rsquo;\u00e9preuve ce lundi. Parti dans la C\u00f4te de Mutigny (900m \u00e0 12,2%), il s&rsquo;est envol\u00e9 en solitaire vers une nouvelle victoire de prestige, sa onzi\u00e8me de la saison. &hellip;<\/p>\n","protected":false},"author":15,"featured_media":127719,"comment_status":"open","ping_status":"open","sticky":false,"template":"","format":"standard","meta":{"footnotes":""},"categories":[17,8,15,39,19,28],"tags":[],"class_list":["post-127699","post","type-post","status-publish","format-standard","has-post-thumbnail","hentry","category-une","category-interviews","category-route","category-tour-de-france","category-worldtour","category-course"],"_links":{"self":[{"href":"https:\/\/cyclingpro.net\/velopro\/wp-json\/wp\/v2\/posts\/127699","targetHints":{"allow":["GET"]}}],"collection":[{"href":"https:\/\/cyclingpro.net\/velopro\/wp-json\/wp\/v2\/posts"}],"about":[{"href":"https:\/\/cyclingpro.net\/velopro\/wp-json\/wp\/v2\/types\/post"}],"author":[{"embeddable":true,"href":"https:\/\/cyclingpro.net\/velopro\/wp-json\/wp\/v2\/users\/15"}],"replies":[{"embeddable":true,"href":"https:\/\/cyclingpro.net\/velopro\/wp-json\/wp\/v2\/comments?post=127699"}],"version-history":[{"count":5,"href":"https:\/\/cyclingpro.net\/velopro\/wp-json\/wp\/v2\/posts\/127699\/revisions"}],"predecessor-version":[{"id":127722,"href":"https:\/\/cyclingpro.net\/velopro\/wp-json\/wp\/v2\/posts\/127699\/revisions\/127722"}],"wp:featuredmedia":[{"embeddable":true,"href":"https:\/\/cyclingpro.net\/velopro\/wp-json\/wp\/v2\/media\/127719"}],"wp:attachment":[{"href":"https:\/\/cyclingpro.net\/velopro\/wp-json\/wp\/v2\/media?parent=127699"}],"wp:term":[{"taxonomy":"category","embeddable":true,"href":"https:\/\/cyclingpro.net\/velopro\/wp-json\/wp\/v2\/categories?post=127699"},{"taxonomy":"post_tag","embeddable":true,"href":"https:\/\/cyclingpro.net\/velopro\/wp-json\/wp\/v2\/tags?post=127699"}],"curies":[{"name":"wp","href":"https:\/\/api.w.org\/{rel}","templated":true}]}}