{"id":127073,"date":"2019-07-05T14:54:35","date_gmt":"2019-07-05T12:54:35","guid":{"rendered":"https:\/\/cyclingpro.net\/velopro\/?p=127073"},"modified":"2019-07-05T14:54:35","modified_gmt":"2019-07-05T12:54:35","slug":"perrig-quemeneur-arretera-sa-carriere-apres-la-bretagne-classic","status":"publish","type":"post","link":"https:\/\/cyclingpro.net\/velopro\/mercato\/perrig-quemeneur-arretera-sa-carriere-apres-la-bretagne-classic\/","title":{"rendered":"Perrig Qu\u00e9m\u00e9neur arr\u00eatera sa carri\u00e8re apr\u00e8s la Bretagne Classic"},"content":{"rendered":"<p style=\"text-align: justify;\">Apr\u00e8s Yohann G\u00e8ne, c&rsquo;est un autre historique de la formation de Jean-Ren\u00e9 Bernaudeau qui prendra sa retraite dans les mois qui viennent. Dans un message post\u00e9 sur Twitter, la formation Total Direct Energie annonce en effet que le breton de 35 ans se retirera du cyclisme professionnel apr\u00e8s la Bretagne Classic (ex-Grand Prix de Plouay), qui se d\u00e9roulera le 1er septembre prochain.<\/p>\n<p style=\"text-align: justify;\">Pass\u00e9 professionnel en 2008 au sein de la formation Bouygues T\u00e9l\u00e9com, il a pass\u00e9 toute sa carri\u00e8re au sein de la m\u00eame \u00e9quipe, devenue Europcar en 2011, Direct Energie en 2016, puis Total Direct Energie cette ann\u00e9e. S&rsquo;il ne compte aucune victoire chez les pros, Qu\u00e9m\u00e9neur s&rsquo;est souvent distingu\u00e9 par ses qualit\u00e9s de baroudeur, ainsi que par son travail d&rsquo;\u00e9quipier aupr\u00e8s de ses leaders. En 2014, il avait notamment effectu\u00e9 un travail remarquable pour Pierre Rolland lors de la 4e place de ce dernier sur le Giro. En douze ans de carri\u00e8re, il a particip\u00e9 quatre fois au Tour de France.<\/p>\n<p style=\"text-align: justify;\">\u00ab <em>J\u2019aurai v\u00e9cu des moments exceptionnels riches en \u00e9motions et tr\u00e8s riches humainement au cours de ces ann\u00e9es<\/em>, d\u00e9clare-t-il. <em>J\u2019ai acquis de l\u2019exp\u00e9rience, notamment en tant qu\u2019\u00e9quipier, et c&rsquo;est un poste qui aura \u00e9t\u00e9 pour moi une r\u00e9v\u00e9lation, un objectif et un devoir pour le collectif. C\u2019est pourquoi, pour mieux pr\u00e9parer ma reconversion, j\u2019ai d\u00e9cid\u00e9 de passer mon DEJEPS (Dipl\u00f4me d&rsquo;\u00c9tat Jeunesse, \u00c9ducation Populaire et Sport, ndlr.) cyclisme sur route d\u00e8s septembre prochain au Creps de Poitiers. Je vais donc effectuer mon stage au sein de l\u2019\u00e9quipe Total Direct Energie, ce qui me permettra de continuer \u00e0 apporter une plus-value humaine et technique, et de f\u00eater ma 20\u00e8me ann\u00e9e sous la direction de Jean Ren\u00e9. Une page se tourne mais un nouveau chapitre commence\u2026<\/em> \u00bb<\/p>\n<blockquote class=\"twitter-tweet\" data-lang=\"fr\">\n<p dir=\"ltr\" lang=\"fr\">&#x26a1;&#xfe0f;<a href=\"https:\/\/twitter.com\/petitper?ref_src=twsrc%5Etfw\">@petitper<\/a> mettra un terme \u00e0 sa carri\u00e8re au <a href=\"https:\/\/twitter.com\/GrandPrixPlouay?ref_src=twsrc%5Etfw\">@GrandPrixPlouay<\/a> ! &#x1f62d;Notre \u00e9quipier de luxe s&rsquo;est confi\u00e9 sur son projet professionnel pour la suite ! &#x1f618;\u00c0 d\u00e9couvrir exclusivement sur notre site. &#x1f4f0;<a href=\"https:\/\/t.co\/rY9WtMJXvI\">https:\/\/t.co\/rY9WtMJXvI<\/a><\/p>\n<p>\u2014 Team Total Direct Energie (@TDE_ProCycling) <a href=\"https:\/\/twitter.com\/TDE_ProCycling\/status\/1147091487894790147?ref_src=twsrc%5Etfw\">5 juillet 2019<\/a><\/p><\/blockquote>\n<p><script async src=\"https:\/\/platform.twitter.com\/widgets.js\" charset=\"utf-8\"><\/script><\/p>\n","protected":false},"excerpt":{"rendered":"<p>Apr\u00e8s Yohann G\u00e8ne, c&rsquo;est un autre historique de la formation de Jean-Ren\u00e9 Bernaudeau qui prendra sa retraite dans les mois qui viennent. Dans un message post\u00e9 sur Twitter, la formation Total Direct Energie annonce en effet que le breton de 35 ans se retirera du cyclisme professionnel apr\u00e8s la Bretagne Classic (ex-Grand Prix de Plouay), &hellip;<\/p>\n","protected":false},"author":11,"featured_media":33605,"comment_status":"open","ping_status":"open","sticky":false,"template":"","format":"standard","meta":{"footnotes":""},"categories":[11,25,10],"tags":[],"class_list":["post-127073","post","type-post","status-publish","format-standard","has-post-thumbnail","hentry","category-news-niveau-2","category-news","category-mercato"],"_links":{"self":[{"href":"https:\/\/cyclingpro.net\/velopro\/wp-json\/wp\/v2\/posts\/127073","targetHints":{"allow":["GET"]}}],"collection":[{"href":"https:\/\/cyclingpro.net\/velopro\/wp-json\/wp\/v2\/posts"}],"about":[{"href":"https:\/\/cyclingpro.net\/velopro\/wp-json\/wp\/v2\/types\/post"}],"author":[{"embeddable":true,"href":"https:\/\/cyclingpro.net\/velopro\/wp-json\/wp\/v2\/users\/11"}],"replies":[{"embeddable":true,"href":"https:\/\/cyclingpro.net\/velopro\/wp-json\/wp\/v2\/comments?post=127073"}],"version-history":[{"count":1,"href":"https:\/\/cyclingpro.net\/velopro\/wp-json\/wp\/v2\/posts\/127073\/revisions"}],"predecessor-version":[{"id":127074,"href":"https:\/\/cyclingpro.net\/velopro\/wp-json\/wp\/v2\/posts\/127073\/revisions\/127074"}],"wp:featuredmedia":[{"embeddable":true,"href":"https:\/\/cyclingpro.net\/velopro\/wp-json\/wp\/v2\/media\/33605"}],"wp:attachment":[{"href":"https:\/\/cyclingpro.net\/velopro\/wp-json\/wp\/v2\/media?parent=127073"}],"wp:term":[{"taxonomy":"category","embeddable":true,"href":"https:\/\/cyclingpro.net\/velopro\/wp-json\/wp\/v2\/categories?post=127073"},{"taxonomy":"post_tag","embeddable":true,"href":"https:\/\/cyclingpro.net\/velopro\/wp-json\/wp\/v2\/tags?post=127073"}],"curies":[{"name":"wp","href":"https:\/\/api.w.org\/{rel}","templated":true}]}}