{"id":126966,"date":"2019-07-04T10:57:00","date_gmt":"2019-07-04T08:57:00","guid":{"rendered":"https:\/\/cyclingpro.net\/velopro\/?p=126966"},"modified":"2019-07-04T10:57:00","modified_gmt":"2019-07-04T08:57:00","slug":"wout-van-aert-je-me-sens-bien-dans-un-role-dequipier","status":"publish","type":"post","link":"https:\/\/cyclingpro.net\/velopro\/course\/tour-de-france\/wout-van-aert-je-me-sens-bien-dans-un-role-dequipier\/","title":{"rendered":"Wout van Aert : \u00ab Je me sens bien dans un r\u00f4le d&rsquo;\u00e9quipier \u00bb"},"content":{"rendered":"<p style=\"text-align: justify;\">Wout van Aert impatient de d\u00e9couvrir le Tour de France. Tout juste aur\u00e9ol\u00e9 du titre de champion belge du chrono apr\u00e8s un Dauphin\u00e9 \u00e9tincelant, le repr\u00e9sentant de la Jumbo-Visma sera l&rsquo;une des attractions de la prochaine Grande Boucle. Rouler, sprinter, et m\u00eame grimper : le coureur de 24 ans ne semble pas avoir de limites. Pour autant, il se pr\u00e9sentera \u00e0 Bruxelles, le 6 juillet, dans un r\u00f4le d&rsquo;\u00e9quipier. Au service de Steven Kruijswijk pour le g\u00e9n\u00e9ral et de Dylan Groenewegen pour les sprints, il devrait tout de m\u00eame avoir quelques cartes \u00e0 jouer.<\/p>\n<h6><strong><a href=\"https:\/\/cyclingpro.net\/velopro\/course\/tour-de-france\/steven-kruijswijk-le-tour-de-france-ne-sera-decide-que-dans-les-alpes\/\">Lire aussi &gt; Steven Kruijswijk : \u00ab Le Tour de France ne sera d\u00e9cid\u00e9 que dans les Alpes \u00bb<\/a><\/strong><\/h6>\n<p style=\"text-align: justify;\">La troisi\u00e8me \u00e9tape et son final accident\u00e9, ou le chrono de Pau pourraient par exemple lui convenir. \u00ab <em>Si c&rsquo;est le cas, je vais essayer de saisir les opportunit\u00e9s. Peut-\u00eatre que la troisi\u00e8me \u00e9tape sera ma premi\u00e8re chance<\/em>, avouait-il ce mercredi lors de la conf\u00e9rence d&rsquo;avant Tour de son \u00e9quipe. <em>Je ne connais pas tr\u00e8s bien la r\u00e9gion, mais si le road-book est correct alors il y aura pas mal de pentes raides dans le final.<\/em><em>\u00a0\u00c7a me convient!<\/em> \u00bb Concernant le chrono, il sera encore plus en confiance et motiv\u00e9. Victorieux dans l&rsquo;exercice sur le Dauphin\u00e9, puis lors de ses championnats nationaux, il \u00e9trennera l\u00e0 son maillot de champion de Belgique.\u00a0\u00ab <em>Je vais d\u00e9buter avec le maillot tricolore \u00e0 Pau. Ce sera la toute premi\u00e8re fois, mais aussi la derni\u00e8re! Apr\u00e8s cela, je ne ferai plus de chrono, alors je veux en profiter. Nous verrons la situation au moment venu, mais bien s\u00fbr, je veux le gagner.<\/em> \u00bb<\/p>\n<p style=\"text-align: justify;\">Ses quelques objectifs personnels pass\u00e9s en revue, Van Aert insistait sur son r\u00f4le au service du collectif. \u00ab <em>Je me sens bien dans ce r\u00f4le d&rsquo;\u00e9quipier<\/em>, r\u00e9agissait l&rsquo;ancien de la V\u00e9randas Willems-Crelan. <em>L&rsquo;\u00e9quipe a beaucoup d&rsquo;int\u00e9r\u00eats \u00e0 d\u00e9fendre dans les semaines \u00e0 venir. Avec Tony Martin, je serai celui qui mettra le train de sprint en place. D\u00e8s que la situation se tendra, il nous appartiendra de garder Amund (Jansen), Mike (Teunissen) et Dylan (Groenewegen) devant. J&rsquo;assisterai aussi Steven (Kruijswijk) autant que possible. Mais je pense que mon r\u00f4le dans ce travail sera assez limit\u00e9. En haute montagne, il faudra plut\u00f4t compter sur Laurens (De Plus) et George (Bennett). En fait, mon objectif personnel le plus important est d&rsquo;arriver \u00e0 Paris.<\/em> \u00bb<\/p>\n","protected":false},"excerpt":{"rendered":"<p>Wout van Aert impatient de d\u00e9couvrir le Tour de France. Tout juste aur\u00e9ol\u00e9 du titre de champion belge du chrono apr\u00e8s un Dauphin\u00e9 \u00e9tincelant, le repr\u00e9sentant de la Jumbo-Visma sera l&rsquo;une des attractions de la prochaine Grande Boucle. Rouler, sprinter, et m\u00eame grimper : le coureur de 24 ans ne semble pas avoir de limites. &hellip;<\/p>\n","protected":false},"author":15,"featured_media":123469,"comment_status":"open","ping_status":"open","sticky":false,"template":"","format":"standard","meta":{"footnotes":""},"categories":[11,8,15,39,19,28],"tags":[],"class_list":["post-126966","post","type-post","status-publish","format-standard","has-post-thumbnail","hentry","category-news-niveau-2","category-interviews","category-route","category-tour-de-france","category-worldtour","category-course"],"_links":{"self":[{"href":"https:\/\/cyclingpro.net\/velopro\/wp-json\/wp\/v2\/posts\/126966","targetHints":{"allow":["GET"]}}],"collection":[{"href":"https:\/\/cyclingpro.net\/velopro\/wp-json\/wp\/v2\/posts"}],"about":[{"href":"https:\/\/cyclingpro.net\/velopro\/wp-json\/wp\/v2\/types\/post"}],"author":[{"embeddable":true,"href":"https:\/\/cyclingpro.net\/velopro\/wp-json\/wp\/v2\/users\/15"}],"replies":[{"embeddable":true,"href":"https:\/\/cyclingpro.net\/velopro\/wp-json\/wp\/v2\/comments?post=126966"}],"version-history":[{"count":3,"href":"https:\/\/cyclingpro.net\/velopro\/wp-json\/wp\/v2\/posts\/126966\/revisions"}],"predecessor-version":[{"id":126969,"href":"https:\/\/cyclingpro.net\/velopro\/wp-json\/wp\/v2\/posts\/126966\/revisions\/126969"}],"wp:featuredmedia":[{"embeddable":true,"href":"https:\/\/cyclingpro.net\/velopro\/wp-json\/wp\/v2\/media\/123469"}],"wp:attachment":[{"href":"https:\/\/cyclingpro.net\/velopro\/wp-json\/wp\/v2\/media?parent=126966"}],"wp:term":[{"taxonomy":"category","embeddable":true,"href":"https:\/\/cyclingpro.net\/velopro\/wp-json\/wp\/v2\/categories?post=126966"},{"taxonomy":"post_tag","embeddable":true,"href":"https:\/\/cyclingpro.net\/velopro\/wp-json\/wp\/v2\/tags?post=126966"}],"curies":[{"name":"wp","href":"https:\/\/api.w.org\/{rel}","templated":true}]}}