{"id":126826,"date":"2019-07-02T11:57:58","date_gmt":"2019-07-02T09:57:58","guid":{"rendered":"https:\/\/cyclingpro.net\/velopro\/?p=126826"},"modified":"2019-07-02T11:57:58","modified_gmt":"2019-07-02T09:57:58","slug":"lotto-soudal-victor-campenaerts-sur-le-depart-pour-laisser-la-place-a-john-degenkolb-et-philippe-gilbert","status":"publish","type":"post","link":"https:\/\/cyclingpro.net\/velopro\/mercato\/lotto-soudal-victor-campenaerts-sur-le-depart-pour-laisser-la-place-a-john-degenkolb-et-philippe-gilbert\/","title":{"rendered":"Lotto-Soudal : Victor Campenaerts sur le d\u00e9part pour laisser la place \u00e0 John Degenkolb et Philippe Gilbert ?"},"content":{"rendered":"<p style=\"text-align: justify;\">Il y a quelques jours, nous apprenions que l&rsquo;allemand John Degenkolb \u00e9tait proche de rejoindre Lotto-Soudal en 2020. Non-retenu pour le Tour de France, le coureur de la formation Trek-Segafredo devrait en effet devenir le nouveau leader de l&rsquo;\u00e9quipe belge sur les classiques flandriennes en remplacement de Tiesj Benoot, en partance pour Sunweb. Selon les informations de <em>CyclingWeekly<\/em>, nous apprenons aujourd&rsquo;hui que Philippe Gilbert est \u00e9galement cibl\u00e9 par la formation dirig\u00e9e par John Lelangue. Le vainqueur de Paris-Roubaix sera \u00e9galement absent du Tour de France, et son d\u00e9part de Deceuninck-Quickstep ne fait d\u00e9sormais gu\u00e8re de doute.<\/p>\n<p><a href=\"https:\/\/cyclingpro.net\/velopro\/mercato\/john-degenkolb-sur-les-tablettes-de-la-lotto-soudal\/\"><strong><span style=\"font-size: 8pt;\">Lire aussi &gt; John Degenkolb sur les tablettes de la Lotto Soudal<\/span><\/strong><\/a><\/p>\n<p style=\"text-align: justify;\">Mais, toujours selon <em>CyclingWeekly<\/em>, Lotto-Soudal ne dispose pas des fonds n\u00e9cessaires pour signer \u00e0 la fois Degenkolb (30 ans) et Gilbert (36 ans), et conserver dans le m\u00eame temps ses meilleurs coureurs. Ainsi, le rouleur Victor Campenaerts (27 ans) pourrait \u00eatre pouss\u00e9 vers la sortie pour favoriser l&rsquo;arriv\u00e9e des deux stars. Nouveau d\u00e9tenteur du record de l&rsquo;heure, le belge fait \u00e9galement parti des meilleurs rouleurs du monde, \u00e9tant double champion d&rsquo;Europe en titre de la sp\u00e9cialit\u00e9. Ayant visiblement refus\u00e9 une premi\u00e8re offre de prolongation au cours de la premi\u00e8re partie de saison, il serait d\u00e9sormais sur le d\u00e9part et attendrait de bonnes offres de la part d&rsquo;autres \u00e9quipes. La formation Lotto-Soudal chercherait toutefois des fonds suppl\u00e9mentaires pour prolonger son coureur et, dans un tweet post\u00e9 hier, d\u00e9ment les informations divulgu\u00e9es par <em>CyclingWeekly <\/em>et le\u00a0<em>Het Nieuwsblad<\/em>.<\/p>\n<blockquote class=\"twitter-tweet\" data-lang=\"fr\">\n<p dir=\"ltr\" lang=\"en\">At the moment, an agreement was not yet reached, but the option of an extended stay is still there. (2\/2)<\/p>\n<p>\u2014 Lotto Soudal (@Lotto_Soudal) <a href=\"https:\/\/twitter.com\/Lotto_Soudal\/status\/1145664217611218944?ref_src=twsrc%5Etfw\">1 juillet 2019<\/a><\/p><\/blockquote>\n<p><script async src=\"https:\/\/platform.twitter.com\/widgets.js\" charset=\"utf-8\"><\/script><\/p>\n","protected":false},"excerpt":{"rendered":"<p>Il y a quelques jours, nous apprenions que l&rsquo;allemand John Degenkolb \u00e9tait proche de rejoindre Lotto-Soudal en 2020. Non-retenu pour le Tour de France, le coureur de la formation Trek-Segafredo devrait en effet devenir le nouveau leader de l&rsquo;\u00e9quipe belge sur les classiques flandriennes en remplacement de Tiesj Benoot, en partance pour Sunweb. Selon les &hellip;<\/p>\n","protected":false},"author":11,"featured_media":89233,"comment_status":"open","ping_status":"open","sticky":false,"template":"","format":"standard","meta":{"footnotes":""},"categories":[11,10,19],"tags":[],"class_list":["post-126826","post","type-post","status-publish","format-standard","has-post-thumbnail","hentry","category-news-niveau-2","category-mercato","category-worldtour"],"_links":{"self":[{"href":"https:\/\/cyclingpro.net\/velopro\/wp-json\/wp\/v2\/posts\/126826","targetHints":{"allow":["GET"]}}],"collection":[{"href":"https:\/\/cyclingpro.net\/velopro\/wp-json\/wp\/v2\/posts"}],"about":[{"href":"https:\/\/cyclingpro.net\/velopro\/wp-json\/wp\/v2\/types\/post"}],"author":[{"embeddable":true,"href":"https:\/\/cyclingpro.net\/velopro\/wp-json\/wp\/v2\/users\/11"}],"replies":[{"embeddable":true,"href":"https:\/\/cyclingpro.net\/velopro\/wp-json\/wp\/v2\/comments?post=126826"}],"version-history":[{"count":4,"href":"https:\/\/cyclingpro.net\/velopro\/wp-json\/wp\/v2\/posts\/126826\/revisions"}],"predecessor-version":[{"id":126833,"href":"https:\/\/cyclingpro.net\/velopro\/wp-json\/wp\/v2\/posts\/126826\/revisions\/126833"}],"wp:featuredmedia":[{"embeddable":true,"href":"https:\/\/cyclingpro.net\/velopro\/wp-json\/wp\/v2\/media\/89233"}],"wp:attachment":[{"href":"https:\/\/cyclingpro.net\/velopro\/wp-json\/wp\/v2\/media?parent=126826"}],"wp:term":[{"taxonomy":"category","embeddable":true,"href":"https:\/\/cyclingpro.net\/velopro\/wp-json\/wp\/v2\/categories?post=126826"},{"taxonomy":"post_tag","embeddable":true,"href":"https:\/\/cyclingpro.net\/velopro\/wp-json\/wp\/v2\/tags?post=126826"}],"curies":[{"name":"wp","href":"https:\/\/api.w.org\/{rel}","templated":true}]}}