{"id":126542,"date":"2019-06-29T14:28:46","date_gmt":"2019-06-29T12:28:46","guid":{"rendered":"https:\/\/cyclingpro.net\/velopro\/?p=126542"},"modified":"2019-06-29T14:28:46","modified_gmt":"2019-06-29T12:28:46","slug":"geraint-thomas-avec-egan-nous-travaillerons-dur-lun-pour-lautre","status":"publish","type":"post","link":"https:\/\/cyclingpro.net\/velopro\/course\/tour-de-france\/geraint-thomas-avec-egan-nous-travaillerons-dur-lun-pour-lautre\/","title":{"rendered":"Geraint Thomas : \u00ab Avec Egan, nous travaillerons dur l&rsquo;un pour l&rsquo;autre \u00bb"},"content":{"rendered":"<p style=\"text-align: justify;\">Geraint Thomas se pr\u00e9sente ambitieux \u00e0 la d\u00e9fense de son titre. Priv\u00e9 de Chris Froome, le Gallois sera tout de m\u00eame flanqu\u00e9 d&rsquo;un co-leader, en la personne d&rsquo;Egan Bernal. D\u00e9j\u00e0 engag\u00e9 sur le Tour de France remport\u00e9 par Thomas, le Colombien s&rsquo;\u00e9tait alors class\u00e9 15e dans un r\u00f4le d&rsquo;\u00e9quipier d\u00e9vou\u00e9. Vainqueur de Paris-Nice et du Tour de Suisse en 2019, Bernal a pris une dimension nouvelle cette saison et d\u00e9fendra ses chances au g\u00e9n\u00e9ral. Un \u00e9tat de fait qui ne semble pas d\u00e9ranger Thomas, bien au contraire.<\/p>\n<h6><strong><a href=\"https:\/\/cyclingpro.net\/velopro\/course\/tour-de-france\/dave-brailsford-geraint-thomas-et-egan-bernal-sur-un-pied-degalite\/\">Lire aussi &gt; Dave Brailsford : \u00ab Geraint Thomas et Egan Bernal sur un pied d\u2019\u00e9galit\u00e9 \u00bb<\/a><\/strong><\/h6>\n<p style=\"text-align: justify;\">\u00ab <em>Gagner le Tour de France l&rsquo;an dernier a \u00e9t\u00e9 le point culminant de ma carri\u00e8re. Courir avec le dossard 1 sera tr\u00e8s sp\u00e9cial<\/em>, se r\u00e9jouit le vainqueur sortant dans un communiqu\u00e9. <em>Les souvenirs de 2018 resteront toujours, mais je suis maintenant pr\u00eat \u00e0 faire encore mieux avec l&rsquo;\u00e9quipe. Ce n&rsquo;est un secret pour personne : ma pr\u00e9paration a \u00e9t\u00e9 contrari\u00e9e par ma chute du Tour de Suisse. Mais j&rsquo;ai eu un bon bloc d&rsquo;entra\u00eenement depuis et je me sens pr\u00eat. Il est logique de faire face \u00e0 une telle course avec deux leaders, car cela donne plus d&rsquo;options. Avec Egan, nous travaillerons dur l&rsquo;un pour l&rsquo;autre pendant trois semaines.<\/em> \u00bb<\/p>\n<p style=\"text-align: justify;\">Celui dont la meilleure performance cette saison est une 3e place acquise sur le Tour de Romandie peut en tout cas se satisfaire d&rsquo;avoir une solide garde \u00e0 ses c\u00f4t\u00e9s. \u00ab <em>Nous avons un m\u00e9lange vraiment int\u00e9ressant de jeunes et de coureurs d&rsquo;exp\u00e9rience qui seront avec moi \u00e0 chaque \u00e9tape. Ils savent ce qu&rsquo;il faut faire pour gagner un Grand Tour. J&rsquo;ai h\u00e2te de porter le maillot Ineos pour la premi\u00e8re fois sur le Tour de France, la course la plus importante de l&rsquo;ann\u00e9e.<\/em> \u00bb<\/p>\n","protected":false},"excerpt":{"rendered":"<p>Geraint Thomas se pr\u00e9sente ambitieux \u00e0 la d\u00e9fense de son titre. Priv\u00e9 de Chris Froome, le Gallois sera tout de m\u00eame flanqu\u00e9 d&rsquo;un co-leader, en la personne d&rsquo;Egan Bernal. D\u00e9j\u00e0 engag\u00e9 sur le Tour de France remport\u00e9 par Thomas, le Colombien s&rsquo;\u00e9tait alors class\u00e9 15e dans un r\u00f4le d&rsquo;\u00e9quipier d\u00e9vou\u00e9. Vainqueur de Paris-Nice et du &hellip;<\/p>\n","protected":false},"author":15,"featured_media":80488,"comment_status":"open","ping_status":"open","sticky":false,"template":"","format":"standard","meta":{"footnotes":""},"categories":[11,8,15,39,19,28],"tags":[],"class_list":["post-126542","post","type-post","status-publish","format-standard","has-post-thumbnail","hentry","category-news-niveau-2","category-interviews","category-route","category-tour-de-france","category-worldtour","category-course"],"_links":{"self":[{"href":"https:\/\/cyclingpro.net\/velopro\/wp-json\/wp\/v2\/posts\/126542","targetHints":{"allow":["GET"]}}],"collection":[{"href":"https:\/\/cyclingpro.net\/velopro\/wp-json\/wp\/v2\/posts"}],"about":[{"href":"https:\/\/cyclingpro.net\/velopro\/wp-json\/wp\/v2\/types\/post"}],"author":[{"embeddable":true,"href":"https:\/\/cyclingpro.net\/velopro\/wp-json\/wp\/v2\/users\/15"}],"replies":[{"embeddable":true,"href":"https:\/\/cyclingpro.net\/velopro\/wp-json\/wp\/v2\/comments?post=126542"}],"version-history":[{"count":1,"href":"https:\/\/cyclingpro.net\/velopro\/wp-json\/wp\/v2\/posts\/126542\/revisions"}],"predecessor-version":[{"id":126543,"href":"https:\/\/cyclingpro.net\/velopro\/wp-json\/wp\/v2\/posts\/126542\/revisions\/126543"}],"wp:featuredmedia":[{"embeddable":true,"href":"https:\/\/cyclingpro.net\/velopro\/wp-json\/wp\/v2\/media\/80488"}],"wp:attachment":[{"href":"https:\/\/cyclingpro.net\/velopro\/wp-json\/wp\/v2\/media?parent=126542"}],"wp:term":[{"taxonomy":"category","embeddable":true,"href":"https:\/\/cyclingpro.net\/velopro\/wp-json\/wp\/v2\/categories?post=126542"},{"taxonomy":"post_tag","embeddable":true,"href":"https:\/\/cyclingpro.net\/velopro\/wp-json\/wp\/v2\/tags?post=126542"}],"curies":[{"name":"wp","href":"https:\/\/api.w.org\/{rel}","templated":true}]}}