{"id":126392,"date":"2019-06-28T11:26:30","date_gmt":"2019-06-28T09:26:30","guid":{"rendered":"https:\/\/cyclingpro.net\/velopro\/?p=126392"},"modified":"2019-06-28T18:39:23","modified_gmt":"2019-06-28T16:39:23","slug":"mercato-camilo-ardila-sur-le-point-de-rejoindre-uae-emirates","status":"publish","type":"post","link":"https:\/\/cyclingpro.net\/velopro\/mercato\/mercato-camilo-ardila-sur-le-point-de-rejoindre-uae-emirates\/","title":{"rendered":"Mercato : Camilo Ardila sur le point de rejoindre UAE Emirates"},"content":{"rendered":"<p>\u00c0 seulement 20 ans, Andres Camilo Ardila, le nouveau prodige colombien est sur le point de faire le grand saut et de rejoindre le World Tour au sein de la formation UAE Emirates. En remportant deux \u00e9tapes de montagne et le classement g\u00e9n\u00e9ral, il a domin\u00e9 le Giro U23 et sera donc l&rsquo;un des hommes \u00e0 suivre pour le futur Tour de l&rsquo;Avenir.<\/p>\n<p>Dans la lutte pour la p\u00e9pite colombienne, UAE Emirates a su devancer les formations italiennes Androni Sidernec et Nippo Vini Fantini Faizan\u00e8.<\/p>\n","protected":false},"excerpt":{"rendered":"<p>\u00c0 seulement 20 ans, Andres Camilo Ardila, le nouveau prodige colombien est sur le point de faire le grand saut et de rejoindre le World Tour au sein de la formation UAE Emirates. En remportant deux \u00e9tapes de montagne et le classement g\u00e9n\u00e9ral, il a domin\u00e9 le Giro U23 et sera donc l&rsquo;un des hommes &hellip;<\/p>\n","protected":false},"author":18,"featured_media":126393,"comment_status":"open","ping_status":"open","sticky":false,"template":"","format":"standard","meta":{"footnotes":""},"categories":[11,25,10,19],"tags":[],"class_list":["post-126392","post","type-post","status-publish","format-standard","has-post-thumbnail","hentry","category-news-niveau-2","category-news","category-mercato","category-worldtour"],"_links":{"self":[{"href":"https:\/\/cyclingpro.net\/velopro\/wp-json\/wp\/v2\/posts\/126392","targetHints":{"allow":["GET"]}}],"collection":[{"href":"https:\/\/cyclingpro.net\/velopro\/wp-json\/wp\/v2\/posts"}],"about":[{"href":"https:\/\/cyclingpro.net\/velopro\/wp-json\/wp\/v2\/types\/post"}],"author":[{"embeddable":true,"href":"https:\/\/cyclingpro.net\/velopro\/wp-json\/wp\/v2\/users\/18"}],"replies":[{"embeddable":true,"href":"https:\/\/cyclingpro.net\/velopro\/wp-json\/wp\/v2\/comments?post=126392"}],"version-history":[{"count":2,"href":"https:\/\/cyclingpro.net\/velopro\/wp-json\/wp\/v2\/posts\/126392\/revisions"}],"predecessor-version":[{"id":126476,"href":"https:\/\/cyclingpro.net\/velopro\/wp-json\/wp\/v2\/posts\/126392\/revisions\/126476"}],"wp:featuredmedia":[{"embeddable":true,"href":"https:\/\/cyclingpro.net\/velopro\/wp-json\/wp\/v2\/media\/126393"}],"wp:attachment":[{"href":"https:\/\/cyclingpro.net\/velopro\/wp-json\/wp\/v2\/media?parent=126392"}],"wp:term":[{"taxonomy":"category","embeddable":true,"href":"https:\/\/cyclingpro.net\/velopro\/wp-json\/wp\/v2\/categories?post=126392"},{"taxonomy":"post_tag","embeddable":true,"href":"https:\/\/cyclingpro.net\/velopro\/wp-json\/wp\/v2\/tags?post=126392"}],"curies":[{"name":"wp","href":"https:\/\/api.w.org\/{rel}","templated":true}]}}