{"id":126370,"date":"2019-06-28T09:01:58","date_gmt":"2019-06-28T07:01:58","guid":{"rendered":"https:\/\/cyclingpro.net\/velopro\/?p=126370"},"modified":"2019-06-28T09:05:38","modified_gmt":"2019-06-28T07:05:38","slug":"tour-de-france-ilnur-zakarin-pour-mener-katusha-alpecin","status":"publish","type":"post","link":"https:\/\/cyclingpro.net\/velopro\/course\/tour-de-france\/tour-de-france-ilnur-zakarin-pour-mener-katusha-alpecin\/","title":{"rendered":"Tour de France : Ilnur Zakarin pour mener Katusha Alpecin"},"content":{"rendered":"<p>Les formations pour la 106\u00e8me \u00e9dition du Tour de France se d\u00e9voilent petit \u00e0 petit, c&rsquo;est au tour de la formation russe Katusha Alpecin de proposer une formation compos\u00e9e essentiellement de rouleurs\u00a0 ! Avec un <strong>Ilnur Zakarin<\/strong> revanchard de son dernier Giro, il aura \u00e0 coeur de se relancer malgr\u00e9 une victoire d&rsquo;\u00e9tape. Katusha Alpecin sera \u00e0 surveiller sur le CLM par \u00e9quipes lors de la seconde \u00e9tape, emmenant une \u00e9quipe de costauds, on pense alors \u00e0 Alex Dowsett ou Nils Politt. Sans grande star, ni sprinter, elle aura pour objectif de chasser des \u00e9tapes tout au long du Tour.<\/p>\n<p><strong>La formation russe pour la 106\u00e8me \u00e9dition du Tour de France :<\/strong> Alex Dowsett, Rick Zabel, Marco Haller, Nils Politt, Mads W\u00fcrst Schmidt, Jens Debusschere, Ilnur Zakarin, Jose Gon\u00e7alv\u00e8s.<\/p>\n<blockquote class=\"twitter-tweet\" data-lang=\"en\">\n<p dir=\"ltr\" lang=\"en\"><a href=\"https:\/\/twitter.com\/hashtag\/TDF2019?src=hash&amp;ref_src=twsrc%5Etfw\">#TDF2019<\/a> The world&rsquo;s biggest cycling race. Here are our eight strong riders for <a href=\"https:\/\/twitter.com\/LeTour?ref_src=twsrc%5Etfw\">@LeTour<\/a> 2019! <a href=\"https:\/\/twitter.com\/hashtag\/TeamKatushaAlpecin?src=hash&amp;ref_src=twsrc%5Etfw\">#TeamKatushaAlpecin<\/a> <a href=\"https:\/\/t.co\/SVYDtHtOaW\">pic.twitter.com\/SVYDtHtOaW<\/a><\/p>\n<p>\u2014 Team KATUSHA ALPECIN (@katushacycling) <a href=\"https:\/\/twitter.com\/katushacycling\/status\/1144485495662997509?ref_src=twsrc%5Etfw\">June 28, 2019<\/a><\/p><\/blockquote>\n<p><script async src=\"https:\/\/platform.twitter.com\/widgets.js\" charset=\"utf-8\"><\/script><\/p>\n","protected":false},"excerpt":{"rendered":"<p>Les formations pour la 106\u00e8me \u00e9dition du Tour de France se d\u00e9voilent petit \u00e0 petit, c&rsquo;est au tour de la formation russe Katusha Alpecin de proposer une formation compos\u00e9e essentiellement de rouleurs\u00a0 ! Avec un Ilnur Zakarin revanchard de son dernier Giro, il aura \u00e0 coeur de se relancer malgr\u00e9 une victoire d&rsquo;\u00e9tape. Katusha Alpecin &hellip;<\/p>\n","protected":false},"author":18,"featured_media":120002,"comment_status":"open","ping_status":"open","sticky":false,"template":"","format":"standard","meta":{"footnotes":""},"categories":[11,26,25,15,39],"tags":[],"class_list":["post-126370","post","type-post","status-publish","format-standard","has-post-thumbnail","hentry","category-news-niveau-2","category-compositions","category-news","category-route","category-tour-de-france"],"_links":{"self":[{"href":"https:\/\/cyclingpro.net\/velopro\/wp-json\/wp\/v2\/posts\/126370","targetHints":{"allow":["GET"]}}],"collection":[{"href":"https:\/\/cyclingpro.net\/velopro\/wp-json\/wp\/v2\/posts"}],"about":[{"href":"https:\/\/cyclingpro.net\/velopro\/wp-json\/wp\/v2\/types\/post"}],"author":[{"embeddable":true,"href":"https:\/\/cyclingpro.net\/velopro\/wp-json\/wp\/v2\/users\/18"}],"replies":[{"embeddable":true,"href":"https:\/\/cyclingpro.net\/velopro\/wp-json\/wp\/v2\/comments?post=126370"}],"version-history":[{"count":3,"href":"https:\/\/cyclingpro.net\/velopro\/wp-json\/wp\/v2\/posts\/126370\/revisions"}],"predecessor-version":[{"id":126373,"href":"https:\/\/cyclingpro.net\/velopro\/wp-json\/wp\/v2\/posts\/126370\/revisions\/126373"}],"wp:featuredmedia":[{"embeddable":true,"href":"https:\/\/cyclingpro.net\/velopro\/wp-json\/wp\/v2\/media\/120002"}],"wp:attachment":[{"href":"https:\/\/cyclingpro.net\/velopro\/wp-json\/wp\/v2\/media?parent=126370"}],"wp:term":[{"taxonomy":"category","embeddable":true,"href":"https:\/\/cyclingpro.net\/velopro\/wp-json\/wp\/v2\/categories?post=126370"},{"taxonomy":"post_tag","embeddable":true,"href":"https:\/\/cyclingpro.net\/velopro\/wp-json\/wp\/v2\/tags?post=126370"}],"curies":[{"name":"wp","href":"https:\/\/api.w.org\/{rel}","templated":true}]}}