{"id":126343,"date":"2019-06-27T16:04:49","date_gmt":"2019-06-27T14:04:49","guid":{"rendered":"https:\/\/cyclingpro.net\/velopro\/?p=126343"},"modified":"2019-06-27T16:04:49","modified_gmt":"2019-06-27T14:04:49","slug":"pierre-latour-nexclut-pas-un-forfait-pour-le-tour-de-france","status":"publish","type":"post","link":"https:\/\/cyclingpro.net\/velopro\/course\/tour-de-france\/pierre-latour-nexclut-pas-un-forfait-pour-le-tour-de-france\/","title":{"rendered":"Pierre Latour n&rsquo;exclut pas un forfait pour le Tour de France"},"content":{"rendered":"<p style=\"text-align: justify;\">Dans une entretien publi\u00e9 sur <em>Ledauphin\u00e9.com<\/em>,\u00a0Pierre Latour \u00e9voque sa forme actuelle et dresse un bilan plus que n\u00e9gatif de son r\u00e9cent Tour de Suisse. Le dr\u00f4mois, victime d&rsquo;une lourde chute en d\u00e9but d&rsquo;ann\u00e9e et de retour \u00e0 la comp\u00e9tition \u00e0 la fin du mois de mai au Grand Prix de Plumelec, ne parvient pas \u00e0 retrouver de bonnes sensations alors que Tour de France d\u00e9bute dans moins de deux semaines. 13e au g\u00e9n\u00e9ral et maillot blanc l&rsquo;ann\u00e9e derni\u00e8re, il n&rsquo;exclut d&rsquo;ailleurs pas un forfait s&rsquo;il se trouve \u00ab\u00a0<em>vraiment coll\u00e9 cette semaine au championnat de France.<\/em> \u00bb<\/p>\n<p style=\"text-align: justify;\">Alors qu&rsquo;il d\u00e9fend son double titre de champion de France du chrono ce jeudi, le coureur de la formation AG2R &#8211; La Mondiale se montre relativement r\u00e9alise vis-\u00e0-vis de sa situation.\u00a0\u00ab\u00a0<em>C&rsquo;\u00e9tait un Tour de Suisse vraiment pourri. Les sensations \u00e9taient bonnes les premiers jours, mais en fin de semaine, il n\u2019y avait rien qui allait, <\/em>d\u00e9clare-t-il<em>.<\/em>\u00a0<em>Je ne sais pas trop comment expliquer cette m\u00e9forme. Mon corps n\u2019avait plus l\u2019habitude de travailler \u00e0 ces intensit\u00e9s, et sur le deuxi\u00e8me chrono \u00e7a n\u2019allait vraiment pas\u00a0<\/em><em>(79e \u00e0 1\u201952 d\u2019Yves Lampaert)<\/em><em>. J\u2019\u00e9tais vide, rien ne sortait des p\u00e9dales.\u00a0<\/em>\u00bb<\/p>\n<p style=\"text-align: justify;\">S&rsquo;il parvient tout de m\u00eame \u00e0 relativiser : \u00ab <em>Il y a pire\u00a0! Mais les saisons sont longues et j\u2019essaye plut\u00f4t de me dire que si \u00e7a ne va pas maintenant, \u00e7a finira par tourner\u00a0<\/em>\u00bb, il ne se fait gu\u00e8re d&rsquo;illusion concernant ses chances de conserver son titre sur l&rsquo;\u00e9preuve chronom\u00e9tr\u00e9e.\u00a0\u00ab <em>Le tripl\u00e9 ? On ne sait jamais mais j\u2019ai du mal \u00e0 y croire avec les sensations que j\u2019ai actuellement et le parcours pour hommes forts qui s&rsquo;annonce. Je suis pr\u00eat \u00e0 accepter de perdre ce maillot, d&rsquo;autant que des coureurs comme Benjamin Thomas, R\u00e9mi Cavagna, St\u00e9phane Rossetto, Alexis Gougeard ou Nans Peters seront de s\u00e9rieux concurrents.<\/em>\u00a0\u00bb<\/p>\n<p style=\"text-align: justify;\">Il \u00e9voque enfin le Tour de France, lui qui aurait du \u00eatre le principal soutient de Romain Bardet dans la montagne.\u00a0\u00ab <em>Si j\u2019ai les jambes que j\u2019avais \u00e0 la fin du Tour de Suisse, c\u2019est impossible d\u2019imaginer faire le Tour, <\/em>se d\u00e9sole-t-il.<em> Je me ferais taper dessus tous les jours, \u00e7a ne servirait \u00e0 rien. C\u2019est mieux de faire \u00e7a que d\u2019y aller et ne rien faire. Apr\u00e8s, si \u00e7a va mieux cette semaine, on peut esp\u00e9rer que \u00e7a aille bien en troisi\u00e8me semaine du Tour.\u00a0La course en ligne sera un bon indicateur, car \u00e7a fait un paquet de temps que je n\u2019ai pas fait cette longueur<\/em>. \u00bb<\/p>\n","protected":false},"excerpt":{"rendered":"<p>Dans une entretien publi\u00e9 sur Ledauphin\u00e9.com,\u00a0Pierre Latour \u00e9voque sa forme actuelle et dresse un bilan plus que n\u00e9gatif de son r\u00e9cent Tour de Suisse. Le dr\u00f4mois, victime d&rsquo;une lourde chute en d\u00e9but d&rsquo;ann\u00e9e et de retour \u00e0 la comp\u00e9tition \u00e0 la fin du mois de mai au Grand Prix de Plumelec, ne parvient pas \u00e0 &hellip;<\/p>\n","protected":false},"author":11,"featured_media":60161,"comment_status":"open","ping_status":"open","sticky":false,"template":"","format":"standard","meta":{"footnotes":""},"categories":[11,25,15,39],"tags":[],"class_list":["post-126343","post","type-post","status-publish","format-standard","has-post-thumbnail","hentry","category-news-niveau-2","category-news","category-route","category-tour-de-france"],"_links":{"self":[{"href":"https:\/\/cyclingpro.net\/velopro\/wp-json\/wp\/v2\/posts\/126343","targetHints":{"allow":["GET"]}}],"collection":[{"href":"https:\/\/cyclingpro.net\/velopro\/wp-json\/wp\/v2\/posts"}],"about":[{"href":"https:\/\/cyclingpro.net\/velopro\/wp-json\/wp\/v2\/types\/post"}],"author":[{"embeddable":true,"href":"https:\/\/cyclingpro.net\/velopro\/wp-json\/wp\/v2\/users\/11"}],"replies":[{"embeddable":true,"href":"https:\/\/cyclingpro.net\/velopro\/wp-json\/wp\/v2\/comments?post=126343"}],"version-history":[{"count":3,"href":"https:\/\/cyclingpro.net\/velopro\/wp-json\/wp\/v2\/posts\/126343\/revisions"}],"predecessor-version":[{"id":126346,"href":"https:\/\/cyclingpro.net\/velopro\/wp-json\/wp\/v2\/posts\/126343\/revisions\/126346"}],"wp:featuredmedia":[{"embeddable":true,"href":"https:\/\/cyclingpro.net\/velopro\/wp-json\/wp\/v2\/media\/60161"}],"wp:attachment":[{"href":"https:\/\/cyclingpro.net\/velopro\/wp-json\/wp\/v2\/media?parent=126343"}],"wp:term":[{"taxonomy":"category","embeddable":true,"href":"https:\/\/cyclingpro.net\/velopro\/wp-json\/wp\/v2\/categories?post=126343"},{"taxonomy":"post_tag","embeddable":true,"href":"https:\/\/cyclingpro.net\/velopro\/wp-json\/wp\/v2\/tags?post=126343"}],"curies":[{"name":"wp","href":"https:\/\/api.w.org\/{rel}","templated":true}]}}