{"id":126167,"date":"2019-06-25T10:34:57","date_gmt":"2019-06-25T08:34:57","guid":{"rendered":"https:\/\/cyclingpro.net\/velopro\/?p=126167"},"modified":"2019-06-25T10:42:27","modified_gmt":"2019-06-25T08:42:27","slug":"kevin-deltombe-contraint-a-nouvelle-operation","status":"publish","type":"post","link":"https:\/\/cyclingpro.net\/velopro\/infirmerie\/kevin-deltombe-contraint-a-nouvelle-operation\/","title":{"rendered":"Kevin Deltombe contraint \u00e0 nouvelle op\u00e9ration"},"content":{"rendered":"<p style=\"text-align: justify;\">Op\u00e9r\u00e9 de la clavicule \u00e0 la mi-f\u00e9vrier apr\u00e8s une fracture subie lors du Tour de Murcie, Kevin Deltombe va \u00eatre contraint de repasser sur le billard. S&rsquo;il a depuis encha\u00een\u00e9 les courses, et m\u00eame sign\u00e9 quelques bonnes performances (8e de la Volta Limburg Classic, 11e des Boucles de la Mayenne), le jeune homme de la Sport Vlaanderen-Baloise faisait face, depuis quelques temps, \u00e0 des complications qui n\u00e9cessitaient une nouvelle op\u00e9ration. Celle-ci avait m\u00eame \u00e9t\u00e9 programm\u00e9e pour le 8 juillet, et il \u00e9tait pr\u00e9vu que Deltombe participe au Tour des onze villes (dimanche dernier), \u00e0 Halle-Ingooigem (ce mercredi) et au championnat de Belgique dimanche. Tout cela a \u00e9t\u00e9 annul\u00e9 et le natif de Bruges sera m\u00eame op\u00e9r\u00e9 plus t\u00f4t que la date initialement fix\u00e9e.<\/p>\n","protected":false},"excerpt":{"rendered":"<p>Op\u00e9r\u00e9 de la clavicule \u00e0 la mi-f\u00e9vrier apr\u00e8s une fracture subie lors du Tour de Murcie, Kevin Deltombe va \u00eatre contraint de repasser sur le billard. S&rsquo;il a depuis encha\u00een\u00e9 les courses, et m\u00eame sign\u00e9 quelques bonnes performances (8e de la Volta Limburg Classic, 11e des Boucles de la Mayenne), le jeune homme de la &hellip;<\/p>\n","protected":false},"author":5,"featured_media":126170,"comment_status":"open","ping_status":"open","sticky":false,"template":"","format":"standard","meta":{"footnotes":""},"categories":[11,41,15],"tags":[],"class_list":["post-126167","post","type-post","status-publish","format-standard","has-post-thumbnail","hentry","category-news-niveau-2","category-infirmerie","category-route"],"_links":{"self":[{"href":"https:\/\/cyclingpro.net\/velopro\/wp-json\/wp\/v2\/posts\/126167","targetHints":{"allow":["GET"]}}],"collection":[{"href":"https:\/\/cyclingpro.net\/velopro\/wp-json\/wp\/v2\/posts"}],"about":[{"href":"https:\/\/cyclingpro.net\/velopro\/wp-json\/wp\/v2\/types\/post"}],"author":[{"embeddable":true,"href":"https:\/\/cyclingpro.net\/velopro\/wp-json\/wp\/v2\/users\/5"}],"replies":[{"embeddable":true,"href":"https:\/\/cyclingpro.net\/velopro\/wp-json\/wp\/v2\/comments?post=126167"}],"version-history":[{"count":2,"href":"https:\/\/cyclingpro.net\/velopro\/wp-json\/wp\/v2\/posts\/126167\/revisions"}],"predecessor-version":[{"id":126169,"href":"https:\/\/cyclingpro.net\/velopro\/wp-json\/wp\/v2\/posts\/126167\/revisions\/126169"}],"wp:featuredmedia":[{"embeddable":true,"href":"https:\/\/cyclingpro.net\/velopro\/wp-json\/wp\/v2\/media\/126170"}],"wp:attachment":[{"href":"https:\/\/cyclingpro.net\/velopro\/wp-json\/wp\/v2\/media?parent=126167"}],"wp:term":[{"taxonomy":"category","embeddable":true,"href":"https:\/\/cyclingpro.net\/velopro\/wp-json\/wp\/v2\/categories?post=126167"},{"taxonomy":"post_tag","embeddable":true,"href":"https:\/\/cyclingpro.net\/velopro\/wp-json\/wp\/v2\/tags?post=126167"}],"curies":[{"name":"wp","href":"https:\/\/api.w.org\/{rel}","templated":true}]}}