{"id":126110,"date":"2019-06-24T10:32:47","date_gmt":"2019-06-24T08:32:47","guid":{"rendered":"https:\/\/cyclingpro.net\/velopro\/?p=126110"},"modified":"2019-06-24T10:32:47","modified_gmt":"2019-06-24T08:32:47","slug":"alejandro-valverde-cest-toujours-important-de-gagner-peu-importe-ou","status":"publish","type":"post","link":"https:\/\/cyclingpro.net\/velopro\/course\/route-doccitanie\/alejandro-valverde-cest-toujours-important-de-gagner-peu-importe-ou\/","title":{"rendered":"Alejandro Valverde : \u00ab C&rsquo;est toujours important de gagner, peu importe o\u00f9 \u00bb"},"content":{"rendered":"<p style=\"text-align: justify;\">Alejandro Valverde double la mise sur la Route d&rsquo;Occitanie. Comme l&rsquo;an pass\u00e9, le champion du monde a remport\u00e9 une \u00e9tape et le g\u00e9n\u00e9ral de l&rsquo;\u00e9preuve 2.1. Le Murcian de 39 ans a pris les commandes d&rsquo;entr\u00e9e, en remportant la premi\u00e8re \u00e9tape alors qu&rsquo;il n&rsquo;avait plus couru depuis le 28 avril. Touch\u00e9 au sacrum, il avait d\u00fb d\u00e9clarer forfait pour le Giro, mais semble d\u00e9sormais pleinement r\u00e9tabli. Aur\u00e9ol\u00e9 de son 125e succ\u00e8s en carri\u00e8re (!), il devrait \u00eatre d&rsquo;un prompt renfort \u00e0 Nairo Quintana et Mikel Landa sur la Grande Boucle.<\/p>\n<p style=\"text-align: justify;\">\u00ab <em>C&rsquo;est toujours important de gagner, peu importe o\u00f9. Je suis tr\u00e8s content de ce r\u00e9sultat<\/em>, se satisfait Valverde dans un communiqu\u00e9 de la Movistar. <em>Cela montre que la pr\u00e9paration suivie pendant deux mois apr\u00e8s ma blessure, avec du repos, \u00e9tait la bonne approche. Maintenant, je me tourne vers les championnats d&rsquo;Espagne et, plus important encore, le Tour de France. Comme je l&rsquo;ai d\u00e9j\u00e0 dit, mon but sera d&rsquo;y aider Nairo (Quintana) et Mikel (Landa) pour que l&rsquo;\u00e9quipe fasse le meilleur Tour possible. Je ne serai absolument pas le leader. Je veux les soutenir \u00e0 100% et profiter du maillot arc-en-ciel sur la course. Si je dois perdre du temps au d\u00e9but pour les aider, je le ferais sans aucun probl\u00e8me. Cela nous aidera sans doute pour obtenir de bons r\u00e9sultats ensuite, avec plus de libert\u00e9.<\/em> \u00bb<\/p>\n","protected":false},"excerpt":{"rendered":"<p>Alejandro Valverde double la mise sur la Route d&rsquo;Occitanie. Comme l&rsquo;an pass\u00e9, le champion du monde a remport\u00e9 une \u00e9tape et le g\u00e9n\u00e9ral de l&rsquo;\u00e9preuve 2.1. Le Murcian de 39 ans a pris les commandes d&rsquo;entr\u00e9e, en remportant la premi\u00e8re \u00e9tape alors qu&rsquo;il n&rsquo;avait plus couru depuis le 28 avril. Touch\u00e9 au sacrum, il avait &hellip;<\/p>\n","protected":false},"author":15,"featured_media":125422,"comment_status":"open","ping_status":"open","sticky":false,"template":"","format":"standard","meta":{"footnotes":""},"categories":[11,8,15,233,39,19,28],"tags":[],"class_list":["post-126110","post","type-post","status-publish","format-standard","has-post-thumbnail","hentry","category-news-niveau-2","category-interviews","category-route","category-route-doccitanie","category-tour-de-france","category-worldtour","category-course"],"_links":{"self":[{"href":"https:\/\/cyclingpro.net\/velopro\/wp-json\/wp\/v2\/posts\/126110","targetHints":{"allow":["GET"]}}],"collection":[{"href":"https:\/\/cyclingpro.net\/velopro\/wp-json\/wp\/v2\/posts"}],"about":[{"href":"https:\/\/cyclingpro.net\/velopro\/wp-json\/wp\/v2\/types\/post"}],"author":[{"embeddable":true,"href":"https:\/\/cyclingpro.net\/velopro\/wp-json\/wp\/v2\/users\/15"}],"replies":[{"embeddable":true,"href":"https:\/\/cyclingpro.net\/velopro\/wp-json\/wp\/v2\/comments?post=126110"}],"version-history":[{"count":2,"href":"https:\/\/cyclingpro.net\/velopro\/wp-json\/wp\/v2\/posts\/126110\/revisions"}],"predecessor-version":[{"id":126112,"href":"https:\/\/cyclingpro.net\/velopro\/wp-json\/wp\/v2\/posts\/126110\/revisions\/126112"}],"wp:featuredmedia":[{"embeddable":true,"href":"https:\/\/cyclingpro.net\/velopro\/wp-json\/wp\/v2\/media\/125422"}],"wp:attachment":[{"href":"https:\/\/cyclingpro.net\/velopro\/wp-json\/wp\/v2\/media?parent=126110"}],"wp:term":[{"taxonomy":"category","embeddable":true,"href":"https:\/\/cyclingpro.net\/velopro\/wp-json\/wp\/v2\/categories?post=126110"},{"taxonomy":"post_tag","embeddable":true,"href":"https:\/\/cyclingpro.net\/velopro\/wp-json\/wp\/v2\/tags?post=126110"}],"curies":[{"name":"wp","href":"https:\/\/api.w.org\/{rel}","templated":true}]}}