{"id":125881,"date":"2019-06-23T16:23:51","date_gmt":"2019-06-23T14:23:51","guid":{"rendered":"https:\/\/cyclingpro.net\/velopro\/?p=125881"},"modified":"2019-06-23T17:18:59","modified_gmt":"2019-06-23T15:18:59","slug":"elfstedenronde-la-victoire-pour-tim-merlier","status":"publish","type":"post","link":"https:\/\/cyclingpro.net\/velopro\/course\/elfstedenronde\/elfstedenronde-la-victoire-pour-tim-merlier\/","title":{"rendered":"Elfstedenronde : Tim Merlier domine les favoris"},"content":{"rendered":"<p style=\"text-align: justify;\"><em>La semi-classique belge de\u00a0Elfstedenronde (Tour des Onze villes) se tenait aujourd&rsquo;hui \u00e0 Bruges sur un parcours de pr\u00e8s de 199 kilom\u00e8tres comprenant dix-neuf secteurs pav\u00e9s. Comme de coutume, la course a \u00e9t\u00e9 anim\u00e9e, et la victoire revient \u00e0 Tim Merlier (Coredon-Circus), qui r\u00e9alise un sprint impressionnant pour devancer Fabio Jakobsen (Deceuninck-Quick Step).\u00a0<\/em><\/p>\n<p style=\"text-align: justify;\">Le soleil brille au d\u00e9part de Bruges, et les coureurs s&rsquo;appr\u00eatent \u00e0 affronter une \u00e9preuve typiquement belge \u00e0 travers la Flandre Occidentale. Une premi\u00e8re \u00e9chapp\u00e9e parvient \u00e0 prendre le large assez t\u00f4t, avec notamment Jimmy Janssen et Benjamin Declercq. Les principales formations m\u00e8nent la poursuite derri\u00e8re, ce qui fait que ce groupe peine \u00e0 prendre une avance suffisante.<\/p>\n<p style=\"text-align: justify;\">A l&rsquo;entame des 70 derniers kilom\u00e8tres, la course aborde les premiers secteurs pav\u00e9s, ce qui provoque de nouveaux mouvements de course. Un groupe comprenant notamment Jens Keukeleire et Kenneth Vanbilsen parvient \u00e0 rentrer \u00e0 l&rsquo;avant, et prend plus d&rsquo;une minute d&rsquo;avance. Il reste alors une cinquantaine de kilom\u00e8tres. Toutefois, le peloton ne voit pas cela d&rsquo;un bon \u0153il, et r\u00e9agit rapidement. Apr\u00e8s une vingtaine de kilom\u00e8tres de chasse, les hommes de t\u00eate sont revus, et les compteurs sont remis \u00e0 z\u00e9ro. La course entre alors sur le circuit final \u00e0 parcourir quatre fois, et Van Schip (Roompot-Charles) et Bugter (BEAT Cycling) repartent \u00e0 l&rsquo;attaque.<\/p>\n<p style=\"text-align: justify;\">La formation Deceuninck-Quick Step maintient son contr\u00f4le \u00e0 l&rsquo;arri\u00e8re et ne semble pas inqui\u00e8te, malgr\u00e9 les tentatives de Niki Terpstra au passage des diff\u00e9rents secteurs pav\u00e9s. Le duo de t\u00eate est finalement rattrap\u00e9 \u00e0 moins de dix kilom\u00e8tres de l&rsquo;arriv\u00e9e, ce qui n&#8217;emp\u00eache pas la Deceuninck de continuer son travail pour emmener au mieux Fabio Jakobsen. Les derniers secteurs sont aval\u00e9s \u00e0 grande vitesse, et le sprint massif se profile m\u00eame si une l\u00e9g\u00e8re d\u00e9sorganisation r\u00e8gne \u00e0 l&rsquo;entame des deux derniers kilom\u00e8tres suite \u00e0 une chute. Le sprint est parfaitement emmen\u00e9 par la Deceuninck, mais ce n&rsquo;est finalement pas Jakobsen qui s&rsquo;impose, car le N\u00e9erlandais est battu par un surpuissant Tim Merlier (Corendon-Circus), qui a lanc\u00e9 son sprint de tr\u00e8s loin. Jasper Philipsen (UAE-Team Emirates) conclut troisi\u00e8me. Septi\u00e8me de l&rsquo;Heistse Pijl la veille, Nacer Bouhanni doit cette fois se contenter de la sixi\u00e8me place.<\/p>\n<blockquote class=\"twitter-tweet\" data-lang=\"fr\">\n<p dir=\"ltr\" lang=\"en\">&#x1f1e7;&#x1f1ea;<a href=\"https:\/\/twitter.com\/MerlierTim?ref_src=twsrc%5Etfw\">@MerlierTim<\/a> of &#x1f1e7;&#x1f1ea;<a href=\"https:\/\/twitter.com\/hashtag\/CorendonCircus?src=hash&amp;ref_src=twsrc%5Etfw\">#CorendonCircus<\/a> wins &#x1f1e7;&#x1f1ea;<a href=\"https:\/\/twitter.com\/elfstedenronde?ref_src=twsrc%5Etfw\">@elfstedenronde<\/a> <a href=\"https:\/\/twitter.com\/hashtag\/elfstedenronde?src=hash&amp;ref_src=twsrc%5Etfw\">#elfstedenronde<\/a> <a href=\"https:\/\/t.co\/0UWZRFBqY3\">https:\/\/t.co\/0UWZRFBqY3<\/a> <a href=\"https:\/\/t.co\/buKRSlBeKR\">pic.twitter.com\/buKRSlBeKR<\/a><\/p>\n<p>\u2014 World Cycling Stats (@wcsbike) <a href=\"https:\/\/twitter.com\/wcsbike\/status\/1142802720430153738?ref_src=twsrc%5Etfw\">23 juin 2019<\/a><\/p><\/blockquote>\n<p><script async src=\"https:\/\/platform.twitter.com\/widgets.js\" charset=\"utf-8\"><\/script><\/p>\n","protected":false},"excerpt":{"rendered":"<p>La semi-classique belge de\u00a0Elfstedenronde (Tour des Onze villes) se tenait aujourd&rsquo;hui \u00e0 Bruges sur un parcours de pr\u00e8s de 199 kilom\u00e8tres comprenant dix-neuf secteurs pav\u00e9s. Comme de coutume, la course a \u00e9t\u00e9 anim\u00e9e, et la victoire revient \u00e0 Tim Merlier (Coredon-Circus), qui r\u00e9alise un sprint impressionnant pour devancer Fabio Jakobsen (Deceuninck-Quick Step).\u00a0 Le soleil brille &hellip;<\/p>\n","protected":false},"author":11,"featured_media":0,"comment_status":"open","ping_status":"open","sticky":false,"template":"","format":"standard","meta":{"footnotes":""},"categories":[11,14,130,15],"tags":[],"class_list":["post-125881","post","type-post","status-publish","format-standard","hentry","category-news-niveau-2","category-resultats","category-elfstedenronde","category-route"],"_links":{"self":[{"href":"https:\/\/cyclingpro.net\/velopro\/wp-json\/wp\/v2\/posts\/125881","targetHints":{"allow":["GET"]}}],"collection":[{"href":"https:\/\/cyclingpro.net\/velopro\/wp-json\/wp\/v2\/posts"}],"about":[{"href":"https:\/\/cyclingpro.net\/velopro\/wp-json\/wp\/v2\/types\/post"}],"author":[{"embeddable":true,"href":"https:\/\/cyclingpro.net\/velopro\/wp-json\/wp\/v2\/users\/11"}],"replies":[{"embeddable":true,"href":"https:\/\/cyclingpro.net\/velopro\/wp-json\/wp\/v2\/comments?post=125881"}],"version-history":[{"count":9,"href":"https:\/\/cyclingpro.net\/velopro\/wp-json\/wp\/v2\/posts\/125881\/revisions"}],"predecessor-version":[{"id":126063,"href":"https:\/\/cyclingpro.net\/velopro\/wp-json\/wp\/v2\/posts\/125881\/revisions\/126063"}],"wp:attachment":[{"href":"https:\/\/cyclingpro.net\/velopro\/wp-json\/wp\/v2\/media?parent=125881"}],"wp:term":[{"taxonomy":"category","embeddable":true,"href":"https:\/\/cyclingpro.net\/velopro\/wp-json\/wp\/v2\/categories?post=125881"},{"taxonomy":"post_tag","embeddable":true,"href":"https:\/\/cyclingpro.net\/velopro\/wp-json\/wp\/v2\/tags?post=125881"}],"curies":[{"name":"wp","href":"https:\/\/api.w.org\/{rel}","templated":true}]}}