{"id":125593,"date":"2019-06-21T15:22:48","date_gmt":"2019-06-21T13:22:48","guid":{"rendered":"https:\/\/cyclingpro.net\/velopro\/?p=125593"},"modified":"2019-06-21T17:40:47","modified_gmt":"2019-06-21T15:40:47","slug":"tour-de-france-cofidis-annonce-ses-4-premiers-coureurs","status":"publish","type":"post","link":"https:\/\/cyclingpro.net\/velopro\/course\/tour-de-france\/tour-de-france-cofidis-annonce-ses-4-premiers-coureurs\/","title":{"rendered":"Tour de France : Cofidis annonce ses 4 premiers coureurs"},"content":{"rendered":"<p style=\"text-align: justify;\">La Cofidis a fait ses premiers choix en vue du Tour de France. L&rsquo;\u00e9quipe nordiste a d&rsquo;ores et d\u00e9j\u00e0 s\u00e9lectionn\u00e9 quatre coureurs et Nacer Bouhanni, \u00e0 la peine ces derniers mois, n&rsquo;est pas l&rsquo;un d&rsquo;entre eux. Au contraire, le rouleur-sprinteur Christophe Laporte, vainqueur de l&rsquo;Etoile de Bess\u00e8ges (+ 2 \u00e9tapes) et de deux \u00e9tapes du Tour de Luxembourg, est bien pr\u00e9sent. Sont \u00e9galement convoqu\u00e9s Jesus Herrada, vainqueur de ce m\u00eame Tour de Luxembourg (+ 2 \u00e9tapes) et du Mont Ventoux D\u00e9nivel\u00e9 Challenge, Nicolas Edet, 20e du Crit\u00e9rium du Dauphin\u00e9 et 10e du Tour de l&rsquo;Ain, mais aussi Anthony Perez, qui participera donc \u00e0 son deuxi\u00e8me Tour de France.<\/p>\n<p style=\"text-align: justify;\">\u00ab\u00a0<em>Sans surprise, ce sont des coureurs qui\u00a0ont d\u00e9montr\u00e9 au cours de la saison qu\u2019ils avaient les moyens de briller au plus haut niveau,\u00a0<\/em>a expliqu\u00e9 C\u00e9dric Vasseur, manager g\u00e9n\u00e9ral de la Cofidis<em>.\u00a0 Dans le m\u00eame temps, ils savent tous faire preuve au quotidien d&rsquo;une forte coh\u00e9sion d&rsquo;\u00e9quipe qui sera indispensable pour conduire l&rsquo;\u00e9quipe \u00e0 la victoire.\u00a0<\/em><em>Ces derniers temps, Christophe d\u00e9montre qu\u2019il a une tr\u00e8s bonne condition physique.<\/em>\u00a0<em>Il s\u2019agit de l&rsquo;un des piliers de notre formation. Il a d\u00e9j\u00e0 montr\u00e9 ses aptitudes sur le Tour de France, \u00e0 l\u2019image de sa 2<sup>e<\/sup>\u00a0place, l\u2019an dernier, lors du sprint de Pau<\/em>.\u00a0\u00bb<\/p>\n<p>\u00ab\u00a0<em>Jes\u00fas est particuli\u00e8rement \u00e0 l\u2019aise en montagne et tr\u00e8s grande condition. Il aura donc sa carte \u00e0 jouer sur ce Tour de France<\/em>\u00a0\u00bb, a ajout\u00e9 Vasseur concernant Herrada, qui\u00a0 n\u2019a pas pris le d\u00e9part ce vendredi de la deuxi\u00e8me \u00e9tape de la Route d&rsquo;Occitanie afin de se focaliser sur les championnats d\u2019Espagne la semaine prochaine et sur la Grande Boucle. \u00ab\u00a0<em>Nous ne voulions prendre aucun risque afin qu\u2019il soit au mieux de sa forme pour ses prochaines \u00e9ch\u00e9ances\u00a0<\/em>\u00bb.<\/p>\n<p style=\"text-align: justify;\">Par ailleurs, les autres coureurs qui composeront l\u2019\u00e9quipe Cofidis au Tour de France seront annonc\u00e9s \u00e0 l\u2019issue des championnats nationaux, le lundi 1<sup>er<\/sup>\u00a0juillet prochain. \u00ab<em>\u00a0Les championnats nationaux nous donneront des enseignements pr\u00e9cieux afin de finaliser la liste<\/em>, pr\u00e9cise C\u00e9dric Vasseur.\u00a0<em>Nos choix seront \u00e9galement d\u00e9termin\u00e9s par l\u2019orientation que nous voulons fixer \u00e0 l\u2019\u00e9quipe\u00a0: soit de consolider le train pour lancer Christophe (Laporte) dans les sprints, soit de disposer de profils de baroudeurs plus polyvalents pour s\u2019illustrer dans d\u2019autres \u00e9tapes<\/em>\u00a0\u00bb.<\/p>\n","protected":false},"excerpt":{"rendered":"<p>La Cofidis a fait ses premiers choix en vue du Tour de France. L&rsquo;\u00e9quipe nordiste a d&rsquo;ores et d\u00e9j\u00e0 s\u00e9lectionn\u00e9 quatre coureurs et Nacer Bouhanni, \u00e0 la peine ces derniers mois, n&rsquo;est pas l&rsquo;un d&rsquo;entre eux. Au contraire, le rouleur-sprinteur Christophe Laporte, vainqueur de l&rsquo;Etoile de Bess\u00e8ges (+ 2 \u00e9tapes) et de deux \u00e9tapes du &hellip;<\/p>\n","protected":false},"author":5,"featured_media":101707,"comment_status":"open","ping_status":"open","sticky":false,"template":"","format":"standard","meta":{"footnotes":""},"categories":[11,26,15,39],"tags":[],"class_list":["post-125593","post","type-post","status-publish","format-standard","has-post-thumbnail","hentry","category-news-niveau-2","category-compositions","category-route","category-tour-de-france"],"_links":{"self":[{"href":"https:\/\/cyclingpro.net\/velopro\/wp-json\/wp\/v2\/posts\/125593","targetHints":{"allow":["GET"]}}],"collection":[{"href":"https:\/\/cyclingpro.net\/velopro\/wp-json\/wp\/v2\/posts"}],"about":[{"href":"https:\/\/cyclingpro.net\/velopro\/wp-json\/wp\/v2\/types\/post"}],"author":[{"embeddable":true,"href":"https:\/\/cyclingpro.net\/velopro\/wp-json\/wp\/v2\/users\/5"}],"replies":[{"embeddable":true,"href":"https:\/\/cyclingpro.net\/velopro\/wp-json\/wp\/v2\/comments?post=125593"}],"version-history":[{"count":3,"href":"https:\/\/cyclingpro.net\/velopro\/wp-json\/wp\/v2\/posts\/125593\/revisions"}],"predecessor-version":[{"id":125669,"href":"https:\/\/cyclingpro.net\/velopro\/wp-json\/wp\/v2\/posts\/125593\/revisions\/125669"}],"wp:featuredmedia":[{"embeddable":true,"href":"https:\/\/cyclingpro.net\/velopro\/wp-json\/wp\/v2\/media\/101707"}],"wp:attachment":[{"href":"https:\/\/cyclingpro.net\/velopro\/wp-json\/wp\/v2\/media?parent=125593"}],"wp:term":[{"taxonomy":"category","embeddable":true,"href":"https:\/\/cyclingpro.net\/velopro\/wp-json\/wp\/v2\/categories?post=125593"},{"taxonomy":"post_tag","embeddable":true,"href":"https:\/\/cyclingpro.net\/velopro\/wp-json\/wp\/v2\/tags?post=125593"}],"curies":[{"name":"wp","href":"https:\/\/api.w.org\/{rel}","templated":true}]}}