{"id":125500,"date":"2019-06-21T11:42:25","date_gmt":"2019-06-21T09:42:25","guid":{"rendered":"https:\/\/cyclingpro.net\/velopro\/?p=125500"},"modified":"2019-06-21T11:43:52","modified_gmt":"2019-06-21T09:43:52","slug":"luci-reforme-le-cyclisme-sur-piste-et-confie-la-coupe-du-monde-de-cyclo-cross-a-flanders-classics","status":"publish","type":"post","link":"https:\/\/cyclingpro.net\/velopro\/piste\/luci-reforme-le-cyclisme-sur-piste-et-confie-la-coupe-du-monde-de-cyclo-cross-a-flanders-classics\/","title":{"rendered":"L&rsquo;UCI r\u00e9forme compl\u00e8tement le cyclisme sur piste et confie la Coupe du Monde de cyclo-cross \u00e0 Flanders Classics"},"content":{"rendered":"<p style=\"text-align: justify;\"><em>[Communiqu\u00e9 officiel]<\/em><\/p>\n<p style=\"text-align: justify;\"><em>\u00ab\u00a0R\u00e9uni ces deux derniers jours \u00e0 Lavey-les-Bains, en Suisse, le Comit\u00e9 Directeur de l\u2019Union Cycliste Internationale (UCI) a pris de nombreuses d\u00e9cisions en faveur du d\u00e9veloppement du sport et du renforcement de la bonne gouvernance de la F\u00e9d\u00e9ration Internationale.<\/em><\/p>\n<p style=\"text-align: justify;\"><strong>[PISTE]<\/strong> D\u00e9sireux de redynamiser le cyclisme sur piste selon les axes d\u00e9finis dans l\u2019Agenda 2022 de l\u2019UCI, le Comit\u00e9 Directeur a approuv\u00e9 une r\u00e9forme globale du calendrier de la discipline.<\/p>\n<p style=\"text-align: justify;\">L\u2019actuelle Coupe du Monde Piste UCI conna\u00eetra plusieurs changements \u00e0 partir de la saison 2020-2021 : le nombre de manches de la s\u00e9rie passera de six \u00e0 trois, et ces derni\u00e8res ne seront plus organis\u00e9es d\u2019octobre \u00e0 janvier, mais entre les mois de juillet et de septembre \u00e0 compter de 2021. La Coupe du Monde changera par ailleurs de d\u00e9nomination pour devenir la Coupe des Nations Piste UCI. Sa participation sera en effet r\u00e9serv\u00e9e aux \u00e9quipes nationales uniquement.<\/p>\n<p style=\"text-align: justify;\">D\u00e8s 2021, les Championnats du Monde Piste UCI (Elite) ne seront plus organis\u00e9s au mois de mars, mais au mois d\u2019octobre, apr\u00e8s la fin de la nouvelle Coupe des Nations Piste UCI.<\/p>\n<p style=\"text-align: justify;\">Le Comit\u00e9 Directeur a \u00e9galement donn\u00e9 son accord au projet de cr\u00e9ation d\u2019un nouveau circuit au format novateur, dont la premi\u00e8re \u00e9dition serait organis\u00e9e entre novembre 2021 et f\u00e9vrier 2022. Ce circuit vise \u00e0 \u00e9largir l\u2019attractivit\u00e9 du cyclisme sur piste \u00e0 l\u2019aide d\u2019un produit au format dynamique et attractif, format\u00e9 pour la t\u00e9l\u00e9vision comme pour les spectateurs pr\u00e9sents sur l\u2019\u00e9v\u00e9nement, et simple \u00e0 comprendre et \u00e0 suivre, y compris pour de nouveaux publics. Les coureurs s\u00e9lectionn\u00e9s y participeraient \u00e0 titre individuel sous les couleurs de leur nation. De plus amples informations sur la r\u00e9forme du cyclisme sur piste seront communiqu\u00e9es \u00e0 l\u2019issue du prochain Comit\u00e9 Directeur de l\u2019UCI en septembre 2019 en marge des Championnats du Monde Route UCI. Avec la Coupe des Nations Piste UCI, les Championnats du Monde Piste UCI et l\u2019apparition de ce circuit, le nouveau calendrier permettrait au cyclisme sur piste de b\u00e9n\u00e9ficier d\u2019une visibilit\u00e9 optimale tout au long de l\u2019ann\u00e9e. Les changements de dates privil\u00e9gi\u00e9s assureraient par ailleurs la coh\u00e9rence du calendrier de la discipline les ann\u00e9es durant lesquelles se d\u00e9rouleront les Championnats du Monde de Cyclisme UCI regroupant les diff\u00e9rents Mondiaux UCI et dont la premi\u00e8re \u00e9dition aura lieu en 2023 \u00e0 Glasgow et en Ecosse.<\/p>\n<p style=\"text-align: justify;\"><strong>[CYCLO-CROSS]<\/strong> Dans le cadre de la r\u00e9forme du cyclo-cross et \u00e0 la suite d\u2019un appel d\u2019offres lanc\u00e9 en avril, le Comit\u00e9 Directeur a octroy\u00e9 les droits de la Coupe du Monde UCI de la discipline \u00e0 l\u2019entreprise Flanders Classics pour la p\u00e9riode allant de la saison 2020-2021 \u00e0 la saison 2023-2024. Les droits concern\u00e9s sont les suivants : droits d\u2019organisation g\u00e9n\u00e9rale, droits de marketing et de sponsoring, et distribution des droits t\u00e9l\u00e9visuels de la Coupe du Monde et des Championnats du Monde UCI en Belgique (en flamand), y compris la production TV de la Coupe du Monde (dans le monde entier) et des Mondiaux (en Belgique). De plus amples informations sur la r\u00e9forme ainsi que sur le concept de la nouvelle Coupe du Monde UCI de cyclo-cross d\u00e9velopp\u00e9 avec ce nouveau partenaire, y compris le calendrier de cette derni\u00e8re, seront communiqu\u00e9es \u00e0 l\u2019issue du prochain Comit\u00e9 Directeur de l\u2019UCI en septembre 2019.<\/p>\n<p style=\"text-align: justify;\">Cr\u00e9\u00e9e en 2010 par un groupe de m\u00e9dias actif notamment dans la production et la diffusion TV, Flanders Classics organise d\u00e9j\u00e0 16 courses sur route d\u2019un jour masculines et f\u00e9minines en Belgique, dont le Tour des Flandres, Gent-Wevelgem in Flanders Fields, A travers la Flandre et l\u2019Omloop Het Nieuwsblad Elite, quatre prestigieuses \u00e9preuves de l\u2019UCI WorldTour.<\/p>\n<p style=\"text-align: justify;\">[&#8230;]\n<p><strong>[CORTICO\u00cfDES]<\/strong> La m\u00e9decine d\u2019aptitude est un autre domaine primordial pour l\u2019UCI, car elle permet de garantir la bonne sant\u00e9 des coureurs. Apr\u00e8s l\u2019interdiction de l\u2019usage du tramadol en comp\u00e9tition \u2013 effective depuis le 1er mars 2019 \u2013 en raison de son caract\u00e8re dangereux (risques de somnolence et de d\u00e9pendance), l\u2019UCI entend maintenant contr\u00f4ler les effets secondaires des traitements aux cortico\u00efdes. Ces substances, bien que tr\u00e8s fr\u00e9quemment prescrites aux patients dans la population g\u00e9n\u00e9rale, peuvent pr\u00e9senter des effets secondaires \u00e0 risque pour la sant\u00e9 de sportifs de haut niveau, tout particuli\u00e8rement dans le cyclisme (augmentation potentielle des cons\u00e9quences m\u00e9dicales des accidents). Le Prof. Xavier Bigard, Directeur M\u00e9dical de l\u2019UCI, a pr\u00e9sent\u00e9 un plan d\u2019action dans ce sens aux membres du Comit\u00e9 Directeur, visant \u00e0 imposer aux m\u00e9decins d\u2019\u00e9quipe ayant valid\u00e9 des infiltrations locales de cette substance l\u2019obligation non seulement de prescrire un arr\u00eat de travail et de comp\u00e9tition de huit jours aux coureurs concern\u00e9s, mais aussi de v\u00e9rifier le retour \u00e0 la normale du fonctionnement des glandes surr\u00e9nales. Ce r\u00e8glement devrait entrer en vigueur en 2020.\u00a0\u00bb<\/p>\n","protected":false},"excerpt":{"rendered":"<p>[Communiqu\u00e9 officiel] \u00ab\u00a0R\u00e9uni ces deux derniers jours \u00e0 Lavey-les-Bains, en Suisse, le Comit\u00e9 Directeur de l\u2019Union Cycliste Internationale (UCI) a pris de nombreuses d\u00e9cisions en faveur du d\u00e9veloppement du sport et du renforcement de la bonne gouvernance de la F\u00e9d\u00e9ration Internationale. [PISTE] D\u00e9sireux de redynamiser le cyclisme sur piste selon les axes d\u00e9finis dans l\u2019Agenda &hellip;<\/p>\n","protected":false},"author":5,"featured_media":92415,"comment_status":"open","ping_status":"open","sticky":false,"template":"","format":"standard","meta":{"footnotes":""},"categories":[11,5,25,13,15],"tags":[],"class_list":["post-125500","post","type-post","status-publish","format-standard","has-post-thumbnail","hentry","category-news-niveau-2","category-cyclocross","category-news","category-piste","category-route"],"_links":{"self":[{"href":"https:\/\/cyclingpro.net\/velopro\/wp-json\/wp\/v2\/posts\/125500","targetHints":{"allow":["GET"]}}],"collection":[{"href":"https:\/\/cyclingpro.net\/velopro\/wp-json\/wp\/v2\/posts"}],"about":[{"href":"https:\/\/cyclingpro.net\/velopro\/wp-json\/wp\/v2\/types\/post"}],"author":[{"embeddable":true,"href":"https:\/\/cyclingpro.net\/velopro\/wp-json\/wp\/v2\/users\/5"}],"replies":[{"embeddable":true,"href":"https:\/\/cyclingpro.net\/velopro\/wp-json\/wp\/v2\/comments?post=125500"}],"version-history":[{"count":3,"href":"https:\/\/cyclingpro.net\/velopro\/wp-json\/wp\/v2\/posts\/125500\/revisions"}],"predecessor-version":[{"id":125508,"href":"https:\/\/cyclingpro.net\/velopro\/wp-json\/wp\/v2\/posts\/125500\/revisions\/125508"}],"wp:featuredmedia":[{"embeddable":true,"href":"https:\/\/cyclingpro.net\/velopro\/wp-json\/wp\/v2\/media\/92415"}],"wp:attachment":[{"href":"https:\/\/cyclingpro.net\/velopro\/wp-json\/wp\/v2\/media?parent=125500"}],"wp:term":[{"taxonomy":"category","embeddable":true,"href":"https:\/\/cyclingpro.net\/velopro\/wp-json\/wp\/v2\/categories?post=125500"},{"taxonomy":"post_tag","embeddable":true,"href":"https:\/\/cyclingpro.net\/velopro\/wp-json\/wp\/v2\/tags?post=125500"}],"curies":[{"name":"wp","href":"https:\/\/api.w.org\/{rel}","templated":true}]}}