{"id":124781,"date":"2019-06-17T10:57:06","date_gmt":"2019-06-17T08:57:06","guid":{"rendered":"https:\/\/cyclingpro.net\/velopro\/?p=124781"},"modified":"2019-06-17T10:58:45","modified_gmt":"2019-06-17T08:58:45","slug":"tour-de-suisse-kasper-asgreen-confirme-ses-gros-progres","status":"publish","type":"post","link":"https:\/\/cyclingpro.net\/velopro\/course\/tour-de-suisse\/tour-de-suisse-kasper-asgreen-confirme-ses-gros-progres\/","title":{"rendered":"Tour de Suisse : Kasper Asgreen confirme ses \u00ab\u00a0gros progr\u00e8s\u00a0\u00bb"},"content":{"rendered":"<p style=\"text-align: justify;\">Surprenant deuxi\u00e8me du Tour des Flandres et tout aussi stup\u00e9fiant troisi\u00e8me du Tour de Californie (une victoire d&rsquo;\u00e9tape en prime), Kasper Asgreen continue d&rsquo;aligner les performances dans une saison 2019 qui s&rsquo;apparente \u00e0 celle de la r\u00e9v\u00e9lation. Le jeune Danois de 24 ans, pass\u00e9 pro chez Deceuninck-Quick Step il y a maintenant 14 mois, s&rsquo;est dimanche empar\u00e9 du maillot jaune de leader sur le Tour de Suisse. Une position qu&rsquo;il occupe gr\u00e2ce \u00e0 son excellent chrono du premier jour (5e \u00e0 2 secondes de Rohan Dennis) ainsi qu&rsquo;\u00e0 des bonifications engrang\u00e9es dans la deuxi\u00e8me \u00e9tape, par ailleurs termin\u00e9e \u00e0 la quatri\u00e8me place. Apr\u00e8s avoir re\u00e7u le maillot de leader des mains de Fabian Cancellara, l&rsquo;une de ses idoles, Kasper Asgreen se f\u00e9licitait de ce nouvel accomplissement.<\/p>\n<div class=\"tlid-input input\">\n<div class=\"source-wrap\">\n<div class=\"input-full-height-wrapper tlid-input-full-height-wrapper\">\n<div class=\"source-input\">\n<div class=\"source-footer-wrap source-or-target-footer\">\n<div class=\"character-count tlid-character-count\">\n<div class=\"cc-ctr normal\" style=\"text-align: justify;\"><span class=\"\" title=\"\"><em>\u00ab Cette saison a \u00e9t\u00e9 incroyable pour moi jusqu&rsquo;\u00e0 pr\u00e9sent,<\/em> s&rsquo;est-il enthousiasm\u00e9.\u00a0<\/span><em><span class=\"\" title=\"\">J\u2019ai fait de gros progr\u00e8s cette ann\u00e9e, ce maillot en est une confirmation, et cela me rend heureux.<\/span> <span class=\"\" title=\"\">Je n\u2019\u00e9tais pas s\u00fbr de pouvoir passer les bosses, mais j\u2019ai essay\u00e9 de faire de mon mieux et j&rsquo;ai tout donn\u00e9.<\/span> <span class=\"\" title=\"\">Mener \u00e0 la fois le classement g\u00e9n\u00e9ral et le classement du meilleur jeune est une bonne chose et cela me fait grandement plaisir, mais pour l\u2019instant, je veux me concentre sur l\u2019\u00e9tape de demain que nous allons essayer de contr\u00f4ler en vue d&rsquo;un sprint massif avec Elia \u00bb.\u00a0<\/span><\/em><\/div>\n<\/div>\n<\/div>\n<\/div>\n<\/div>\n<\/div>\n<\/div>\n","protected":false},"excerpt":{"rendered":"<p>Surprenant deuxi\u00e8me du Tour des Flandres et tout aussi stup\u00e9fiant troisi\u00e8me du Tour de Californie (une victoire d&rsquo;\u00e9tape en prime), Kasper Asgreen continue d&rsquo;aligner les performances dans une saison 2019 qui s&rsquo;apparente \u00e0 celle de la r\u00e9v\u00e9lation. Le jeune Danois de 24 ans, pass\u00e9 pro chez Deceuninck-Quick Step il y a maintenant 14 mois, s&rsquo;est &hellip;<\/p>\n","protected":false},"author":5,"featured_media":124783,"comment_status":"open","ping_status":"open","sticky":false,"template":"","format":"standard","meta":{"footnotes":""},"categories":[11,15,74],"tags":[],"class_list":["post-124781","post","type-post","status-publish","format-standard","has-post-thumbnail","hentry","category-news-niveau-2","category-route","category-tour-de-suisse"],"_links":{"self":[{"href":"https:\/\/cyclingpro.net\/velopro\/wp-json\/wp\/v2\/posts\/124781","targetHints":{"allow":["GET"]}}],"collection":[{"href":"https:\/\/cyclingpro.net\/velopro\/wp-json\/wp\/v2\/posts"}],"about":[{"href":"https:\/\/cyclingpro.net\/velopro\/wp-json\/wp\/v2\/types\/post"}],"author":[{"embeddable":true,"href":"https:\/\/cyclingpro.net\/velopro\/wp-json\/wp\/v2\/users\/5"}],"replies":[{"embeddable":true,"href":"https:\/\/cyclingpro.net\/velopro\/wp-json\/wp\/v2\/comments?post=124781"}],"version-history":[{"count":1,"href":"https:\/\/cyclingpro.net\/velopro\/wp-json\/wp\/v2\/posts\/124781\/revisions"}],"predecessor-version":[{"id":124782,"href":"https:\/\/cyclingpro.net\/velopro\/wp-json\/wp\/v2\/posts\/124781\/revisions\/124782"}],"wp:featuredmedia":[{"embeddable":true,"href":"https:\/\/cyclingpro.net\/velopro\/wp-json\/wp\/v2\/media\/124783"}],"wp:attachment":[{"href":"https:\/\/cyclingpro.net\/velopro\/wp-json\/wp\/v2\/media?parent=124781"}],"wp:term":[{"taxonomy":"category","embeddable":true,"href":"https:\/\/cyclingpro.net\/velopro\/wp-json\/wp\/v2\/categories?post=124781"},{"taxonomy":"post_tag","embeddable":true,"href":"https:\/\/cyclingpro.net\/velopro\/wp-json\/wp\/v2\/tags?post=124781"}],"curies":[{"name":"wp","href":"https:\/\/api.w.org\/{rel}","templated":true}]}}