{"id":124723,"date":"2019-06-16T19:45:16","date_gmt":"2019-06-16T17:45:16","guid":{"rendered":"https:\/\/cyclingpro.net\/velopro\/?p=124723"},"modified":"2019-06-16T19:45:16","modified_gmt":"2019-06-16T17:45:16","slug":"tejay-van-garderen-cest-un-resultat-fantastique","status":"publish","type":"post","link":"https:\/\/cyclingpro.net\/velopro\/course\/criterium-du-dauphine\/tejay-van-garderen-cest-un-resultat-fantastique\/","title":{"rendered":"Tejay Van Garderen : \u00ab C&rsquo;est un r\u00e9sultat fantastique \u00bb"},"content":{"rendered":"<p style=\"text-align: justify;\">S&rsquo;il \u00e9tait pass\u00e9 un peu au second plan ces derni\u00e8res saisons, Tejay Van Garderen semble cette fois-ci de retour. L&rsquo;am\u00e9ricain de la formation EF Education First termine en effet \u00e0 la 2e place de ce Crit\u00e9rium du Dauphin\u00e9, son meilleur r\u00e9sultat dans un course par \u00e9tapes de premier plan depuis le Tour de Catalogne 2017 (5e). Il doit notamment sa place sur le podium \u00e0 son excellent chrono de Roanne, achev\u00e9 \u00e0 la deuxi\u00e8me place. Il a ensuite parfaitement r\u00e9sist\u00e9 pendant les deux derni\u00e8res \u00e9tapes. A l&rsquo;arriv\u00e9e, il ne cachait d&rsquo;ailleurs pas son plaisir, et savourait cette belle performance.\u00a0\u00ab <em>Je suis vraiment content de cette place sur le podium, c&rsquo;est\u00a0<\/em><em>un r\u00e9sultat fantastique et je suis ravi. J<\/em><em>&lsquo;aurais \u00e9videmment voulu la victoire, mais les opportunit\u00e9s de renverser la course \u00e9taient finalement plut\u00f4t rares.\u00a0\u00bb<\/em><\/p>\n<p style=\"text-align: justify;\">Cela reste toutefois de bonne augure \u00e0 trois semaines du Tour de France, une course qu&rsquo;il abordera avec l&rsquo;id\u00e9e d&rsquo;assister Rigoberto Uran, mais pas que&#8230;\u00ab\u00a0<em>C&rsquo;est \u00e9videmment excellent pour la confiance de faire un tel r\u00e9sultat, mais Rigo reste notre leader d\u00e9sign\u00e9 sur le Tour. J&rsquo;ai toutefois montr\u00e9 au cours de cette semaine que j&rsquo;\u00e9tais capable de suivre les meilleurs en montagne et d&rsquo;\u00eatre efficace sur les chronos, donc cela ne peut que multiplier nos opportunit\u00e9s. Je sais aussi que l&rsquo;\u00e9quipe n&rsquo;est pas du genre \u00e0 rester fix\u00e9e sur une strat\u00e9gie unique, et qu&rsquo;elle permet \u00e0 chacun de montrer ce qu&rsquo;il vaut.\u00a0\u00bb<\/em><\/p>\n<p style=\"text-align: justify;\">De l\u00e0 \u00e0 se repositionner dans la cat\u00e9gorie des outsiders sur la Grande Boucle, il n&rsquo;y a qu&rsquo;un pas que l&rsquo;am\u00e9ricain ne franchira pas.<em> \u00ab Vous savez, les compteurs sont g\u00e9n\u00e9ralement remis \u00e0 z\u00e9ro au d\u00e9part du Tour, donc vos performances du moins de juin ne veulent plus dire grand chose.\u00a0<\/em>\u00bb<\/p>\n<p><span class=\"aIQfbHWyPM4orRFBUevJmC8zZYNsg2LTw7\"><iframe loading=\"lazy\" title=\"Tejay van Garderen - post-race interview - Stage 8 - Crit\u00e9rium du Dauphin\u00e9 2019\" width=\"500\" height=\"281\" src=\"https:\/\/www.youtube.com\/embed\/vBCobngMzqQ?feature=oembed\" frameborder=\"0\" allow=\"accelerometer; autoplay; clipboard-write; encrypted-media; gyroscope; picture-in-picture; web-share\" referrerpolicy=\"strict-origin-when-cross-origin\" allowfullscreen><\/iframe><\/span><\/p>\n","protected":false},"excerpt":{"rendered":"<p>S&rsquo;il \u00e9tait pass\u00e9 un peu au second plan ces derni\u00e8res saisons, Tejay Van Garderen semble cette fois-ci de retour. L&rsquo;am\u00e9ricain de la formation EF Education First termine en effet \u00e0 la 2e place de ce Crit\u00e9rium du Dauphin\u00e9, son meilleur r\u00e9sultat dans un course par \u00e9tapes de premier plan depuis le Tour de Catalogne 2017 &hellip;<\/p>\n","protected":false},"author":11,"featured_media":124753,"comment_status":"open","ping_status":"open","sticky":false,"template":"","format":"standard","meta":{"footnotes":""},"categories":[11,86,8,15,18,19],"tags":[],"class_list":["post-124723","post","type-post","status-publish","format-standard","has-post-thumbnail","hentry","category-news-niveau-2","category-criterium-du-dauphine","category-interviews","category-route","category-videos","category-worldtour"],"_links":{"self":[{"href":"https:\/\/cyclingpro.net\/velopro\/wp-json\/wp\/v2\/posts\/124723","targetHints":{"allow":["GET"]}}],"collection":[{"href":"https:\/\/cyclingpro.net\/velopro\/wp-json\/wp\/v2\/posts"}],"about":[{"href":"https:\/\/cyclingpro.net\/velopro\/wp-json\/wp\/v2\/types\/post"}],"author":[{"embeddable":true,"href":"https:\/\/cyclingpro.net\/velopro\/wp-json\/wp\/v2\/users\/11"}],"replies":[{"embeddable":true,"href":"https:\/\/cyclingpro.net\/velopro\/wp-json\/wp\/v2\/comments?post=124723"}],"version-history":[{"count":6,"href":"https:\/\/cyclingpro.net\/velopro\/wp-json\/wp\/v2\/posts\/124723\/revisions"}],"predecessor-version":[{"id":124757,"href":"https:\/\/cyclingpro.net\/velopro\/wp-json\/wp\/v2\/posts\/124723\/revisions\/124757"}],"wp:featuredmedia":[{"embeddable":true,"href":"https:\/\/cyclingpro.net\/velopro\/wp-json\/wp\/v2\/media\/124753"}],"wp:attachment":[{"href":"https:\/\/cyclingpro.net\/velopro\/wp-json\/wp\/v2\/media?parent=124723"}],"wp:term":[{"taxonomy":"category","embeddable":true,"href":"https:\/\/cyclingpro.net\/velopro\/wp-json\/wp\/v2\/categories?post=124723"},{"taxonomy":"post_tag","embeddable":true,"href":"https:\/\/cyclingpro.net\/velopro\/wp-json\/wp\/v2\/tags?post=124723"}],"curies":[{"name":"wp","href":"https:\/\/api.w.org\/{rel}","templated":true}]}}