{"id":124490,"date":"2019-06-16T09:49:08","date_gmt":"2019-06-16T07:49:08","guid":{"rendered":"https:\/\/cyclingpro.net\/velopro\/?p=124490"},"modified":"2019-06-16T09:49:08","modified_gmt":"2019-06-16T07:49:08","slug":"tour-de-suisse-un-circuit-muscle-pour-une-etape-indecise","status":"publish","type":"post","link":"https:\/\/cyclingpro.net\/velopro\/course\/tour-de-suisse\/tour-de-suisse-un-circuit-muscle-pour-une-etape-indecise\/","title":{"rendered":"Tour de Suisse : Un circuit muscl\u00e9 pour une \u00e9tape ind\u00e9cise"},"content":{"rendered":"<p><strong>83e Tour de Suisse (2.UWT), du samedi 15 au dimanche 23 juin 2019<br \/>\nDimanche 16 juin : Etape 2, Langnau im Emmental \u203a Langnau im Emmental, 159.6km<\/strong><\/p>\n<p><strong>Informations :<\/strong><\/p>\n<p style=\"text-align: justify;\">Au lendemain du chrono inaugural, le Tour de Suisse reste dans la localit\u00e9 de Langnau im Emmental, mais pour une \u00e9tape bien plus muscl\u00e9e. Longue de 156,6 kilom\u00e8tres, elle se compose en r\u00e9alit\u00e9 d&rsquo;un circuit de pr\u00e8s de 50 kilom\u00e8tres \u00e0 parcourir trois fois. Ce circuit comprend alors deux bosses particuli\u00e8rement difficiles : le Schallenberg (8km \u00e0 5.1%), qui ressemble davantage \u00e0 deux murs s\u00e9par\u00e9s par une portion de plat plut\u00f4t qu&rsquo;\u00e0 une mont\u00e9e r\u00e9guli\u00e8re, et le Chuderh\u00fcsi (3km \u00e0 9.3%), qui devrait faire la s\u00e9lection gr\u00e2ce \u00e0 ses pourcentages impressionnants.<\/p>\n<p style=\"text-align: justify;\">Ainsi, il semble particuli\u00e8rement compliqu\u00e9 de d\u00e9gager un sc\u00e9nario de course pour cette deuxi\u00e8me \u00e9tape. Les sprinteurs les plus massifs n&rsquo;auront \u00e0 priori aucune chance, et il ne faudra logiquement pas s&rsquo;attendre \u00e0 retrouver Viviani ou Van Poppel dans l&#8217;emballage final (si il y a un emballage final). Ceux qui passent mieux les bosses (Kristoff, Degenkolb) devront esp\u00e9rer une course d&rsquo;attente s&rsquo;ils veulent s&rsquo;imposer, mais ils ne devraient pas pouvoir r\u00e9sister si une \u00e9quipe d\u00e9cide de durcir s\u00e9v\u00e8rement l&rsquo;allure. Ainsi, il faudra plut\u00f4t se tourner du c\u00f4t\u00e9 des Michael Matthews, Peter Sagan ou Matteo Trentin pour d\u00e9celer un vainqueur potentiel. Les favoris pourraient \u00e9galement choisir de passer \u00e0 l&rsquo;action, et il faut pas non plus exclure la possibilit\u00e9 qu&rsquo;une \u00e9chapp\u00e9e aille au bout. En d\u00e9finitive, tout reste ouvert.<\/p>\n<p><strong>Cartes et Profils :<\/strong><\/p>\n<div id='gallery-1' class='gallery galleryid-124490 gallery-columns-1 gallery-size-full'><figure class='gallery-item'>\n\t\t\t<div class='gallery-icon landscape'>\n\t\t\t\t<a href='https:\/\/cyclingpro.net\/velopro\/course\/tour-de-suisse\/tour-de-suisse-un-circuit-muscle-pour-une-etape-indecise\/attachment\/csm_2etappe_profil_3d_c04ff57c8c-2\/'><img loading=\"lazy\" decoding=\"async\" width=\"825\" height=\"459\" src=\"https:\/\/cyclingpro.net\/velopro\/wp-content\/uploads\/2019\/06\/csm_2Etappe_Profil_3D_c04ff57c8c-1.png\" class=\"attachment-full size-full\" alt=\"\" srcset=\"https:\/\/cyclingpro.net\/velopro\/wp-content\/uploads\/2019\/06\/csm_2Etappe_Profil_3D_c04ff57c8c-1.png 825w, https:\/\/cyclingpro.net\/velopro\/wp-content\/uploads\/2019\/06\/csm_2Etappe_Profil_3D_c04ff57c8c-1-300x167.png 300w, https:\/\/cyclingpro.net\/velopro\/wp-content\/uploads\/2019\/06\/csm_2Etappe_Profil_3D_c04ff57c8c-1-768x427.png 768w\" sizes=\"auto, (max-width: 825px) 100vw, 825px\" \/><\/a>\n\t\t\t<\/div><\/figure><figure class='gallery-item'>\n\t\t\t<div class='gallery-icon landscape'>\n\t\t\t\t<a href='https:\/\/cyclingpro.net\/velopro\/course\/tour-de-suisse\/tour-de-suisse-un-circuit-muscle-pour-une-etape-indecise\/attachment\/csm_2etappeo_09253c5136-2\/'><img loading=\"lazy\" decoding=\"async\" width=\"825\" height=\"590\" src=\"https:\/\/cyclingpro.net\/velopro\/wp-content\/uploads\/2019\/06\/csm_2EtappeO_09253c5136-1.jpg\" class=\"attachment-full size-full\" alt=\"\" srcset=\"https:\/\/cyclingpro.net\/velopro\/wp-content\/uploads\/2019\/06\/csm_2EtappeO_09253c5136-1.jpg 825w, https:\/\/cyclingpro.net\/velopro\/wp-content\/uploads\/2019\/06\/csm_2EtappeO_09253c5136-1-300x215.jpg 300w, https:\/\/cyclingpro.net\/velopro\/wp-content\/uploads\/2019\/06\/csm_2EtappeO_09253c5136-1-768x549.jpg 768w\" sizes=\"auto, (max-width: 825px) 100vw, 825px\" \/><\/a>\n\t\t\t<\/div><\/figure>\n\t\t<\/div>\n\n<p><strong>Le top 10 et le classement des principaux favoris :<\/strong><\/p>\n<p>1 Dennis Rohan 10:50<br \/>\n2 Bodnar Maciej\u00a0 m.t<br \/>\n3 Matthews Michael \u00e0 1\u2033<br \/>\n4 Kragh Andersen S\u00f8ren\u00a0 \u00e0 2\u2033<br \/>\n5 Asgreen Kasper m.t<br \/>\n6 Craddock Lawson\u00a0 \u00e0 5\u2033<br \/>\n7 Sagan Peter\u00a0 \u00e0 7\u2033<br \/>\n8 Bevin Patrick\u00a0 \u00e0 8\u2033<br \/>\n9 K\u00fcng Stefan \u00e0 9\u2033<br \/>\n10 Scully Tom\u00a0 \u00e0 11\u2033<\/p>\n<p>13 Thomas Geraint \u00e0 17\u2033<br \/>\n17 KonradD Patrick \u00e0 19\u2033<br \/>\n26 Bernal Egan \u00e0 23\u2033<br \/>\n32 Benoot Tiesj \u00e0 25\u2033<br \/>\n37 Soler Marc \u00e0 29\u2033<br \/>\n39 Aru Fabio \u00e0 30\u2033<br \/>\n46 McNulty Brandon \u00e0 34\u2033<br \/>\n49 Henao Sergio \u00e0 36\u2033<br \/>\n54 Costa Rui\u00a0 \u00e0 37\u2033<br \/>\n58 Spilak Simon \u00e0 38\u2033<br \/>\n60 Frank Mathias \u00e0 39\u2033<br \/>\n62 Hirt Jan \u00e0 40\u2033<br \/>\n63 Latour Pierre \u00e0 40\u2033<br \/>\n67 Hirschi Marc \u00e0 41\u2033<br \/>\n70 Mas Enric \u00e0 43\u2033<br \/>\n87 Pozzovivo Domenico \u00e0 53\u2033<br \/>\n141 Kelderman Wilco \u00e0 1\u201928\u201d<\/p>\n","protected":false},"excerpt":{"rendered":"<p>83e Tour de Suisse (2.UWT), du samedi 15 au dimanche 23 juin 2019 Dimanche 16 juin : Etape 2, Langnau im Emmental \u203a Langnau im Emmental, 159.6km Informations : Au lendemain du chrono inaugural, le Tour de Suisse reste dans la localit\u00e9 de Langnau im Emmental, mais pour une \u00e9tape bien plus muscl\u00e9e. Longue de &hellip;<\/p>\n","protected":false},"author":11,"featured_media":74436,"comment_status":"open","ping_status":"open","sticky":false,"template":"","format":"standard","meta":{"footnotes":""},"categories":[27,17,24,15,74,19],"tags":[],"class_list":["post-124490","post","type-post","status-publish","format-standard","has-post-thumbnail","hentry","category-gros-bloc","category-une","category-presentation-course","category-route","category-tour-de-suisse","category-worldtour"],"_links":{"self":[{"href":"https:\/\/cyclingpro.net\/velopro\/wp-json\/wp\/v2\/posts\/124490","targetHints":{"allow":["GET"]}}],"collection":[{"href":"https:\/\/cyclingpro.net\/velopro\/wp-json\/wp\/v2\/posts"}],"about":[{"href":"https:\/\/cyclingpro.net\/velopro\/wp-json\/wp\/v2\/types\/post"}],"author":[{"embeddable":true,"href":"https:\/\/cyclingpro.net\/velopro\/wp-json\/wp\/v2\/users\/11"}],"replies":[{"embeddable":true,"href":"https:\/\/cyclingpro.net\/velopro\/wp-json\/wp\/v2\/comments?post=124490"}],"version-history":[{"count":1,"href":"https:\/\/cyclingpro.net\/velopro\/wp-json\/wp\/v2\/posts\/124490\/revisions"}],"predecessor-version":[{"id":124500,"href":"https:\/\/cyclingpro.net\/velopro\/wp-json\/wp\/v2\/posts\/124490\/revisions\/124500"}],"wp:featuredmedia":[{"embeddable":true,"href":"https:\/\/cyclingpro.net\/velopro\/wp-json\/wp\/v2\/media\/74436"}],"wp:attachment":[{"href":"https:\/\/cyclingpro.net\/velopro\/wp-json\/wp\/v2\/media?parent=124490"}],"wp:term":[{"taxonomy":"category","embeddable":true,"href":"https:\/\/cyclingpro.net\/velopro\/wp-json\/wp\/v2\/categories?post=124490"},{"taxonomy":"post_tag","embeddable":true,"href":"https:\/\/cyclingpro.net\/velopro\/wp-json\/wp\/v2\/tags?post=124490"}],"curies":[{"name":"wp","href":"https:\/\/api.w.org\/{rel}","templated":true}]}}