{"id":124282,"date":"2019-06-15T15:37:15","date_gmt":"2019-06-15T13:37:15","guid":{"rendered":"https:\/\/cyclingpro.net\/velopro\/?p=124282"},"modified":"2019-06-15T16:25:55","modified_gmt":"2019-06-15T14:25:55","slug":"tour-de-belgique-campenaerts-remporte-letape-evenepoel-conforte-sa-tunique","status":"publish","type":"post","link":"https:\/\/cyclingpro.net\/velopro\/course\/belgium-tour\/tour-de-belgique-campenaerts-remporte-letape-evenepoel-conforte-sa-tunique\/","title":{"rendered":"Tour de Belgique : Campenaerts remporte l&rsquo;\u00e9tape, Evenepoel conforte sa tunique"},"content":{"rendered":"<p style=\"text-align: justify;\"><em>Cette quatri\u00e8me \u00e9tape du Tour de Belgique formait une boucle autour de la Seraing sur un terrain difficile et propice \u00e0 renverser le classement g\u00e9n\u00e9ral. Au terme d&rsquo;une course finalement assez terne, c&rsquo;est Victor Campenaerts qui s&rsquo;impose dans un sprint \u00e0 trois face \u00e0 Andreas Kron et un monstrueux Remco Evenepoel, qui conforte son maillot.\u00a0<\/em><\/p>\n<p style=\"text-align: justify;\">En raison du sprint interm\u00e9diaire plac\u00e9 dix kilom\u00e8tres apr\u00e8s le d\u00e9part, personne ne parvient \u00e0 prendre le large pendant les premi\u00e8res minutes de course. Il faut attendre le pied de la premi\u00e8re difficult\u00e9 du jour pour enfin voir un groupe se d\u00e9tacher. Six coureurs parviennent \u00e0 prendre une trentaine de secondes d&rsquo;avance, parmi lesquels Victor Campenaerts, Quinten Hermans, Gianni Marchand, Andreas Kron, Jimmy Turgis ou Cyril Lemoine. Derri\u00e8re, Julien Antomarchi tente de faire le jump, mais il est rapidement contr\u00f4l\u00e9 par un peloton men\u00e9 \u00e0 vive allure par la Deceuninck-Quickstep du leader Remco Evenepoel. Dans les reliefs suivants, Cyril Lemoine perd le contact avec la t\u00eate, alors que dans le peloton Alex Kirsch (Trek-Segafredo) doit abandonner apr\u00e8s une chute. Il \u00e9tait 5e du g\u00e9n\u00e9ral. Le peloton rel\u00e2che finalement la poursuite, et le groupe de t\u00eate peut enfin prendre du champ. Ce ralentissement donne des id\u00e9es \u00e0 certains, et\u00a0Jer\u00f4me Baugnies (Wanty- Groupe Gobert), Julian Van den Brande (Tarteletto-Isorex), Dries De Bondt (Corendon Circus), Benjamin Declercq (Sport Vlaanderen-Baloise) et Christophe Masson (Roubaix) partent en contre.<\/p>\n<p style=\"text-align: justify;\">Les coureurs arrivent alors au pied de la fameuse c\u00f4te de la Redoute, dans laquelle Ben Hermans (Israel Cycling) tente de s&rsquo;extirper du peloton. Sa tentative est rapidement contr\u00f4l\u00e9e, mais cela a tout de m\u00eame pour effet d&rsquo;annuler la fugue des cinq coureurs en contre. La course arrive ensuite dans la premi\u00e8re ascension de la Roche aux Faucons, mais personne ne semble vouloir acc\u00e9l\u00e9rer dans le peloton. Au premier passage sur la ligne, l&rsquo;\u00e9cart n&rsquo;est plus que de 1&rsquo;15\u00a0\u00bb avec les hommes de t\u00eate. A ce moment l\u00e0, le leader Remco Evenepoel ne peut plus compter que sur Eros Capecchi et Peter Serry, alors qu&rsquo;il reste encore pr\u00e8s de vingt kilom\u00e8tres.<\/p>\n<p style=\"text-align: justify;\">La deuxi\u00e8me et derni\u00e8re ascension de la c\u00f4te de la Roche aux Faucons arrive toutefois tr\u00e8s rapidement, et d\u00e8s le pied Tim Wellens d\u00e9cide de passer \u00e0 l&rsquo;offensive. Recevant le bref soutient de Victor Campenaerts, le belge franchit la premi\u00e8re partie de l&rsquo;ascension avec une dizaine de secondes d&rsquo;avance sur Remco Evenepoel et Loic Vliegen. Le leader de la course fait toutefois preuve d&rsquo;une incroyable puissance dans la br\u00e8ve transition qui s\u00e9pare les deux parties de la mont\u00e9e, et parvient seul \u00e0 boucher l&rsquo;\u00e9cart. Il maintient le rythme dans la deuxi\u00e8me partie, et part en compagnie de Campenaerts et d&rsquo;un courageux Andreas Kron, alors que derri\u00e8re Wellens explose. La sup\u00e9riorit\u00e9 physique du coureur de 19 ans ne fait gu\u00e8re de doutes, et il assure seul le rythme jusque dans les derniers kilom\u00e8tres. Un sprint final \u00e0 trois se profile, et le plus rapide se r\u00e9v\u00e8le \u00eatre Campenaerts, qui devance Kron et Evenepoel. Ce dernier conforte \u00e9videmment sa tunique de leader, et semble en excellente position pour remporter le classement g\u00e9n\u00e9ral final \u00e0 la veille de l&rsquo;arriv\u00e9e.<\/p>\n<blockquote class=\"twitter-tweet\" data-lang=\"fr\">\n<p dir=\"ltr\" lang=\"en\">&#x1f1e7;&#x1f1ea;<a href=\"https:\/\/twitter.com\/VCampenaerts?ref_src=twsrc%5Etfw\">@VCampenaerts<\/a> of &#x1f1e7;&#x1f1ea;<a href=\"https:\/\/twitter.com\/Lotto_Soudal?ref_src=twsrc%5Etfw\">@Lotto_Soudal<\/a> wins stage 4 of &#x1f1e7;&#x1f1ea;<a href=\"https:\/\/twitter.com\/belgium_tour?ref_src=twsrc%5Etfw\">@belgium_tour<\/a> <a href=\"https:\/\/twitter.com\/hashtag\/BaloiseBelgiumTour?src=hash&amp;ref_src=twsrc%5Etfw\">#BaloiseBelgiumTour<\/a> <a href=\"https:\/\/t.co\/w3x3eycxqO\">https:\/\/t.co\/w3x3eycxqO<\/a> <a href=\"https:\/\/t.co\/Prtk1WTAhU\">pic.twitter.com\/Prtk1WTAhU<\/a><\/p>\n<p>\u2014 World Cycling Stats (@wcsbike) <a href=\"https:\/\/twitter.com\/wcsbike\/status\/1139891262302183426?ref_src=twsrc%5Etfw\">15 juin 2019<\/a><\/p><\/blockquote>\n<p><script async src=\"https:\/\/platform.twitter.com\/widgets.js\" charset=\"utf-8\"><\/script><\/p>\n","protected":false},"excerpt":{"rendered":"<p>Cette quatri\u00e8me \u00e9tape du Tour de Belgique formait une boucle autour de la Seraing sur un terrain difficile et propice \u00e0 renverser le classement g\u00e9n\u00e9ral. Au terme d&rsquo;une course finalement assez terne, c&rsquo;est Victor Campenaerts qui s&rsquo;impose dans un sprint \u00e0 trois face \u00e0 Andreas Kron et un monstrueux Remco Evenepoel, qui conforte son maillot.\u00a0 &hellip;<\/p>\n","protected":false},"author":11,"featured_media":0,"comment_status":"open","ping_status":"open","sticky":false,"template":"","format":"standard","meta":{"footnotes":""},"categories":[11,14,15,61],"tags":[],"class_list":["post-124282","post","type-post","status-publish","format-standard","hentry","category-news-niveau-2","category-resultats","category-route","category-belgium-tour"],"_links":{"self":[{"href":"https:\/\/cyclingpro.net\/velopro\/wp-json\/wp\/v2\/posts\/124282","targetHints":{"allow":["GET"]}}],"collection":[{"href":"https:\/\/cyclingpro.net\/velopro\/wp-json\/wp\/v2\/posts"}],"about":[{"href":"https:\/\/cyclingpro.net\/velopro\/wp-json\/wp\/v2\/types\/post"}],"author":[{"embeddable":true,"href":"https:\/\/cyclingpro.net\/velopro\/wp-json\/wp\/v2\/users\/11"}],"replies":[{"embeddable":true,"href":"https:\/\/cyclingpro.net\/velopro\/wp-json\/wp\/v2\/comments?post=124282"}],"version-history":[{"count":4,"href":"https:\/\/cyclingpro.net\/velopro\/wp-json\/wp\/v2\/posts\/124282\/revisions"}],"predecessor-version":[{"id":124405,"href":"https:\/\/cyclingpro.net\/velopro\/wp-json\/wp\/v2\/posts\/124282\/revisions\/124405"}],"wp:attachment":[{"href":"https:\/\/cyclingpro.net\/velopro\/wp-json\/wp\/v2\/media?parent=124282"}],"wp:term":[{"taxonomy":"category","embeddable":true,"href":"https:\/\/cyclingpro.net\/velopro\/wp-json\/wp\/v2\/categories?post=124282"},{"taxonomy":"post_tag","embeddable":true,"href":"https:\/\/cyclingpro.net\/velopro\/wp-json\/wp\/v2\/tags?post=124282"}],"curies":[{"name":"wp","href":"https:\/\/api.w.org\/{rel}","templated":true}]}}