{"id":124159,"date":"2019-06-14T18:31:41","date_gmt":"2019-06-14T16:31:41","guid":{"rendered":"https:\/\/cyclingpro.net\/velopro\/?p=124159"},"modified":"2019-06-14T18:32:41","modified_gmt":"2019-06-14T16:32:41","slug":"journee-facile-pour-adam-yates-qui-sattendait-a-plus-dur","status":"publish","type":"post","link":"https:\/\/cyclingpro.net\/velopro\/course\/criterium-du-dauphine\/journee-facile-pour-adam-yates-qui-sattendait-a-plus-dur\/","title":{"rendered":"Adam Yates : \u00ab C&rsquo;\u00e9tait une journ\u00e9e facile, on s&rsquo;attendait \u00e0 plus dur \u00bb"},"content":{"rendered":"<p style=\"text-align: justify;\">C&rsquo;est un Adam Yates tout sourire que nous avons trouv\u00e9 \u00e0 l&rsquo;arriv\u00e9e de la sixi\u00e8me \u00e9tape du Dauphin\u00e9. Le maillot jaune pensait \u00eatre attaqu\u00e9 ce vendredi, il n&rsquo;en a rien \u00e9t\u00e9. Il conserve donc sa tunique, \u00e0 l&rsquo;aube d&rsquo;un weekend qui promet d&rsquo;\u00eatre plus explosif.\u00a0\u00ab <em>Nous avons \u00e9volu\u00e9 en contr\u00f4le. C&rsquo;\u00e9tait une journ\u00e9e facile! On s&rsquo;attendait \u00e0 plus dur, ce n&rsquo;est jamais arriv\u00e9, c&rsquo;est parfait pour nous. \u00bb<\/em><\/p>\n<p style=\"text-align: justify;\">Le vrai test viendra alors demain, avec quatre ascensions majeures, dont l&rsquo;arriv\u00e9e au sommet de la mont\u00e9e de Pipay (hors cat\u00e9gorie, 19km \u00e0 6%). \u00ab <em>Cette saison, je n&rsquo;ai pas encore fait de longues ascensions hormis en Catalogne, \u00e0 Vallter 2000<\/em>, rappelle le Britannique qui s&rsquo;\u00e9tait alors class\u00e9&#8230; premier devant Egan Bernal! <em>Le reste, c&rsquo;\u00e9tait plut\u00f4t des mont\u00e9es de puncheurs, des bosses s\u00e8ches et explosives. Nous verrons donc demain, mais je me sens en bonne condition.<\/em> \u00bb<\/p>\n<p><strong>Sa r\u00e9action \u00e0 l&rsquo;arriv\u00e9e :<\/strong><\/p>\n<p><span class=\"5MocUF8F7jzqwCED21MUrOfhVC9vln2NktRtIpj59yX6quJnhRiGsVYQ36Gx08WgPurmvez1JS7fdP4DBg\"><iframe loading=\"lazy\" title=\"Adam Yates - Post-race interview - Stage 6 - Crit\u00e9rium du Dauphin\u00e9 2019\" width=\"500\" height=\"281\" src=\"https:\/\/www.youtube.com\/embed\/U-FBJ5XOul4?feature=oembed\" frameborder=\"0\" allow=\"accelerometer; autoplay; clipboard-write; encrypted-media; gyroscope; picture-in-picture; web-share\" referrerpolicy=\"strict-origin-when-cross-origin\" allowfullscreen><\/iframe><\/span><\/p>\n","protected":false},"excerpt":{"rendered":"<p>C&rsquo;est un Adam Yates tout sourire que nous avons trouv\u00e9 \u00e0 l&rsquo;arriv\u00e9e de la sixi\u00e8me \u00e9tape du Dauphin\u00e9. Le maillot jaune pensait \u00eatre attaqu\u00e9 ce vendredi, il n&rsquo;en a rien \u00e9t\u00e9. Il conserve donc sa tunique, \u00e0 l&rsquo;aube d&rsquo;un weekend qui promet d&rsquo;\u00eatre plus explosif.\u00a0\u00ab Nous avons \u00e9volu\u00e9 en contr\u00f4le. C&rsquo;\u00e9tait une journ\u00e9e facile! On &hellip;<\/p>\n","protected":false},"author":15,"featured_media":124160,"comment_status":"open","ping_status":"open","sticky":false,"template":"","format":"standard","meta":{"footnotes":""},"categories":[17,86,8,15,18,19,28],"tags":[],"class_list":["post-124159","post","type-post","status-publish","format-standard","has-post-thumbnail","hentry","category-une","category-criterium-du-dauphine","category-interviews","category-route","category-videos","category-worldtour","category-course"],"_links":{"self":[{"href":"https:\/\/cyclingpro.net\/velopro\/wp-json\/wp\/v2\/posts\/124159","targetHints":{"allow":["GET"]}}],"collection":[{"href":"https:\/\/cyclingpro.net\/velopro\/wp-json\/wp\/v2\/posts"}],"about":[{"href":"https:\/\/cyclingpro.net\/velopro\/wp-json\/wp\/v2\/types\/post"}],"author":[{"embeddable":true,"href":"https:\/\/cyclingpro.net\/velopro\/wp-json\/wp\/v2\/users\/15"}],"replies":[{"embeddable":true,"href":"https:\/\/cyclingpro.net\/velopro\/wp-json\/wp\/v2\/comments?post=124159"}],"version-history":[{"count":4,"href":"https:\/\/cyclingpro.net\/velopro\/wp-json\/wp\/v2\/posts\/124159\/revisions"}],"predecessor-version":[{"id":124169,"href":"https:\/\/cyclingpro.net\/velopro\/wp-json\/wp\/v2\/posts\/124159\/revisions\/124169"}],"wp:featuredmedia":[{"embeddable":true,"href":"https:\/\/cyclingpro.net\/velopro\/wp-json\/wp\/v2\/media\/124160"}],"wp:attachment":[{"href":"https:\/\/cyclingpro.net\/velopro\/wp-json\/wp\/v2\/media?parent=124159"}],"wp:term":[{"taxonomy":"category","embeddable":true,"href":"https:\/\/cyclingpro.net\/velopro\/wp-json\/wp\/v2\/categories?post=124159"},{"taxonomy":"post_tag","embeddable":true,"href":"https:\/\/cyclingpro.net\/velopro\/wp-json\/wp\/v2\/tags?post=124159"}],"curies":[{"name":"wp","href":"https:\/\/api.w.org\/{rel}","templated":true}]}}