{"id":123064,"date":"2019-06-10T11:53:01","date_gmt":"2019-06-10T09:53:01","guid":{"rendered":"https:\/\/cyclingpro.net\/velopro\/?p=123064"},"modified":"2019-06-10T11:55:59","modified_gmt":"2019-06-10T09:55:59","slug":"tour-de-france-jumbo-visma-avec-wout-van-aert-mais-sans-primoz-roglic","status":"publish","type":"post","link":"https:\/\/cyclingpro.net\/velopro\/course\/tour-de-france\/tour-de-france-jumbo-visma-avec-wout-van-aert-mais-sans-primoz-roglic\/","title":{"rendered":"Tour de France : Jumbo-Visma avec Wout van Aert mais sans Primoz Roglic"},"content":{"rendered":"<p style=\"text-align: justify;\">A moins d&rsquo;un mois du d\u00e9part du Tour de France, Jumbo-Visma est la premi\u00e8re \u00e0 s&rsquo;annoncer. L&rsquo;\u00e9quipe n\u00e9erlandaise se pr\u00e9sentera, comme l&rsquo;an dernier, avec de grandes ambitions. Tant pour les sprints avec Dylan Groenewegen que pour le classement g\u00e9n\u00e9ral avec Steven Kruijswijk et George Bennett. Une surprise de taille marque cette s\u00e9lection : la pr\u00e9sence de Wout van Aert, <a href=\"https:\/\/cyclingpro.net\/velopro\/course\/criterium-du-dauphine\/wout-van-aert-la-deuxieme-place-etait-peut-etre-accessible-mais-je-suis-satisfait\/\">qui, hier encore, bottait en touche \u00e0 l&rsquo;\u00e9vocation de sa pr\u00e9sence sur la Grande Boucle (<span style=\"text-decoration: underline;\">lire ici<\/span>)<\/a>. Le crossman de formation effectuera alors ses premiers pas sur un Grand Tour. On peut supposer qu&rsquo;il remplace num\u00e9riquement Primoz Roglic, pas suffisamment remis du Giro qu&rsquo;il a boucl\u00e9 troisi\u00e8me.<\/p>\n<p style=\"text-align: justify;\">Apr\u00e8s son abandon en premi\u00e8re semaine du Tour d&rsquo;Italie, Laurens De Plus est rest\u00e9 frais et devrait \u00eatre un soutien de poids en montagne. Mike Teunissen, Amund Grondahl Jansen et Tony Martin constitueront eux l&rsquo;entourage de Groenewegen, double vainqueur d&rsquo;\u00e9tape l&rsquo;an dernier.<\/p>\n<blockquote class=\"twitter-tweet\" data-lang=\"fr\">\n<p dir=\"ltr\" lang=\"en\">&#x1f1eb;&#x1f1f7; <a href=\"https:\/\/twitter.com\/hashtag\/TDF2019?src=hash&amp;ref_src=twsrc%5Etfw\">#TDF2019<\/a><\/p>\n<p>Team Jumbo-Visma with sprint and GC ambitions to Tour de France<\/p>\n<p>Read more&#x27a1;&#xfe0f; <a href=\"https:\/\/t.co\/6yqspsqvRb\">https:\/\/t.co\/6yqspsqvRb<\/a> <a href=\"https:\/\/t.co\/8IqVneIOnM\">pic.twitter.com\/8IqVneIOnM<\/a><\/p>\n<p>\u2014 Team Jumbo-Visma cycling (@JumboVismaRoad) <a href=\"https:\/\/twitter.com\/JumboVismaRoad\/status\/1138018131627184129?ref_src=twsrc%5Etfw\">10 juin 2019<\/a><\/p><\/blockquote>\n<p><script async src=\"https:\/\/platform.twitter.com\/widgets.js\" charset=\"utf-8\"><\/script><\/p>\n","protected":false},"excerpt":{"rendered":"<p>A moins d&rsquo;un mois du d\u00e9part du Tour de France, Jumbo-Visma est la premi\u00e8re \u00e0 s&rsquo;annoncer. L&rsquo;\u00e9quipe n\u00e9erlandaise se pr\u00e9sentera, comme l&rsquo;an dernier, avec de grandes ambitions. Tant pour les sprints avec Dylan Groenewegen que pour le classement g\u00e9n\u00e9ral avec Steven Kruijswijk et George Bennett. Une surprise de taille marque cette s\u00e9lection : la pr\u00e9sence &hellip;<\/p>\n","protected":false},"author":15,"featured_media":110072,"comment_status":"open","ping_status":"open","sticky":false,"template":"","format":"standard","meta":{"footnotes":""},"categories":[11,26,25,15,39,19,28],"tags":[],"class_list":["post-123064","post","type-post","status-publish","format-standard","has-post-thumbnail","hentry","category-news-niveau-2","category-compositions","category-news","category-route","category-tour-de-france","category-worldtour","category-course"],"_links":{"self":[{"href":"https:\/\/cyclingpro.net\/velopro\/wp-json\/wp\/v2\/posts\/123064","targetHints":{"allow":["GET"]}}],"collection":[{"href":"https:\/\/cyclingpro.net\/velopro\/wp-json\/wp\/v2\/posts"}],"about":[{"href":"https:\/\/cyclingpro.net\/velopro\/wp-json\/wp\/v2\/types\/post"}],"author":[{"embeddable":true,"href":"https:\/\/cyclingpro.net\/velopro\/wp-json\/wp\/v2\/users\/15"}],"replies":[{"embeddable":true,"href":"https:\/\/cyclingpro.net\/velopro\/wp-json\/wp\/v2\/comments?post=123064"}],"version-history":[{"count":5,"href":"https:\/\/cyclingpro.net\/velopro\/wp-json\/wp\/v2\/posts\/123064\/revisions"}],"predecessor-version":[{"id":123070,"href":"https:\/\/cyclingpro.net\/velopro\/wp-json\/wp\/v2\/posts\/123064\/revisions\/123070"}],"wp:featuredmedia":[{"embeddable":true,"href":"https:\/\/cyclingpro.net\/velopro\/wp-json\/wp\/v2\/media\/110072"}],"wp:attachment":[{"href":"https:\/\/cyclingpro.net\/velopro\/wp-json\/wp\/v2\/media?parent=123064"}],"wp:term":[{"taxonomy":"category","embeddable":true,"href":"https:\/\/cyclingpro.net\/velopro\/wp-json\/wp\/v2\/categories?post=123064"},{"taxonomy":"post_tag","embeddable":true,"href":"https:\/\/cyclingpro.net\/velopro\/wp-json\/wp\/v2\/tags?post=123064"}],"curies":[{"name":"wp","href":"https:\/\/api.w.org\/{rel}","templated":true}]}}