{"id":122995,"date":"2019-06-09T17:03:38","date_gmt":"2019-06-09T15:03:38","guid":{"rendered":"https:\/\/cyclingpro.net\/velopro\/?p=122995"},"modified":"2019-06-09T17:13:51","modified_gmt":"2019-06-09T15:13:51","slug":"boucles-de-la-mayenne-bryan-coquard-regle-un-final-haletant-le-general-pour-thibault-ferasse","status":"publish","type":"post","link":"https:\/\/cyclingpro.net\/velopro\/course\/boucles-de-la-mayenne\/boucles-de-la-mayenne-bryan-coquard-regle-un-final-haletant-le-general-pour-thibault-ferasse\/","title":{"rendered":"Boucles de la Mayenne : Bryan Coquard r\u00e8gle un final haletant, le g\u00e9n\u00e9ral pour Thibault Ferasse"},"content":{"rendered":"<p style=\"text-align: justify;\"><em>Les Boucles de la Mayenne se concluaient ce dimanche, en revenant \u00e0 Laval apr\u00e8s y avoir disput\u00e9 le prologue. Il y avait alors 173 kilom\u00e8tres \u00e0 couvrir, avec un final en circuit \u00e0 parcourir quatre fois. La ligne d&rsquo;arriv\u00e9e est dessin\u00e9e au sommet d&rsquo;une courte bosse pav\u00e9e. Les derniers rescap\u00e9s de l&rsquo;\u00e9chapp\u00e9e initiale ont \u00e9t\u00e9 repris dans le premier tour, ce qui a donn\u00e9 lieu \u00e0 une course compl\u00e8tement d\u00e9cousue. Le dernier tour a \u00e9t\u00e9 marqu\u00e9 par de nombreuses attaques, mais c&rsquo;est bien un homme sorti du peloton qui a r\u00e9gl\u00e9 cette derni\u00e8re \u00e9tape. Auteur d&rsquo;un final exceptionnel, Bryan Coquard a alors souffl\u00e9 la victoire \u00e0 K\u00e9vin Le Cunff. Leader de la course au d\u00e9part, Thibault Ferasse a parfaitement r\u00e9sist\u00e9 et remporte le g\u00e9n\u00e9ral. A 24 ans, il s&rsquo;agit de sa premi\u00e8re victoire dans les rangs professionnels!<\/em><\/p>\n<p style=\"text-align: justify;\">Les dix premiers du g\u00e9n\u00e9ral se tenant en moins de 45 secondes, il y a de la tension au d\u00e9part. D\u00e8s le baisser de drapeau, de nombreuses attaques voient le jour, mais le peloton ne laisse rien filer. Il faut alors attendre quarante kilom\u00e8tres de course pour voir un quatuor obtenir un bon de sortie. Gediminas Bagdonas (AG2R-La Mondiale), Hugo Hofstetter (Cofidis), Daniel Lopez (Burgos-BH) et Tim Naberman (Development Team Sunweb) constituent la bonne \u00e9chapp\u00e9e du jour. Apr\u00e8s le d\u00e9part tr\u00e8s intense, le peloton marque un temps calme et laisse filer le groupe de t\u00eate. Les fuyards n&rsquo;en demandaient pas tant et s&rsquo;octroient vite quatre minutes d&rsquo;avance.<\/p>\n<p style=\"text-align: justify;\">Le peloton est alors contraint de se remettre au travail et orchestre un rapproch\u00e9 progressif. A 60 kilom\u00e8tres de Laval, le chrono indique un \u00e9cart de 3&rsquo;20\u00a0\u00bb. L&rsquo;allure s&rsquo;acc\u00e9l\u00e8re, les fuyards sont ramen\u00e9s \u00e0 1&rsquo;45\u00a0\u00bb \u00e0 l&rsquo;entame des 30 derni\u00e8res unit\u00e9s de course. Le peloton durcit encore l&rsquo;allure \u00e0 l&rsquo;approche de l&rsquo;entr\u00e9e sur le court circuit final \u00e0 couvrir quatre fois. Le premier passage dans Laval fait exploser la course. L&rsquo;\u00e9chapp\u00e9e vole en \u00e9clat, Bagdonas attaque ses compagnons de fuite et s&rsquo;en va seul en t\u00eate. Les autres sont repris par un peloton lanc\u00e9 \u00e0 fond. Romain Seigle (Groupama-FDJ) r\u00e9ussit \u00e0 s&rsquo;en extraire avec Emmanuel Morin (Cofidis). Ils rejoignent Bagdonas \u00e0 l&rsquo;entame du deuxi\u00e8me tour, avant de distancer le Lituanien. Quentin Jaur\u00e9gui (AG2R-La Mondiale) sort ensuite du peloton et recolle sur Seigle et Morin. Ces trois-l\u00e0 entrent ensemble dans le dernier tour, avec une marge infime. Le peloton maillot jaune garde les fuyards \u00e0 port\u00e9e de fusil, ce qui permet \u00e0 plusieurs costauds de faire le jump.<\/p>\n<p style=\"text-align: justify;\">Romain Seigle attaque la mont\u00e9e finale en t\u00eate, mais le peloton fond sur lui. Il se fait d\u00e9border par K\u00e9vin Le Cunff (St Michel Auber 93), qui croit s&rsquo;envoler vers la victoire. C&rsquo;\u00e9tait sans compter sur Bryan Coquard (Vital Concept-B&amp;B Hotels). Apr\u00e8s un \u00e9norme travail de son co\u00e9quipier K\u00e9vin Reza, le sprinteur de poche lance son effort \u00e0 400 m\u00e8tres de la ligne et finit \u00e0 toute allure sur la droite de la route. Il souffle la victoire \u00e0 Le Cunff qui pensait v\u00e9ritablement l&#8217;emporter. Jon Aberasturi (Caja Rural-Seguros RGA) conclut troisi\u00e8me. Arriv\u00e9 16e de l&rsquo;\u00e9tape dans le temps du vainqueur, Thibault Ferasse (Natur4Ever Roubaix Lille M\u00e9tropole) remporte la 45e \u00e9dition des Boucles de la Mayenne. Il s&rsquo;agit de la premi\u00e8re victoire pro du coureur de 24 ans qui devance Mauricio Moreira (Caja Rural-Seguros RGA) et Bryan Coquard au g\u00e9n\u00e9ral final.<\/p>\n<p><strong>Le classement de la derni\u00e8re \u00e9tape : <\/strong><\/p>\n<p><img loading=\"lazy\" decoding=\"async\" class=\"\" src=\"https:\/\/pbs.twimg.com\/media\/D8oOHA_UIAAgLGn.png\" alt=\"\" width=\"487\" height=\"273\" data-aria-label-part=\"\" \/><\/p>\n<p><strong>Le classement g\u00e9n\u00e9ral final :\u00a0<\/strong><\/p>\n<p><img decoding=\"async\" src=\"https:\/\/pbs.twimg.com\/media\/D8oO10OUIAA8u3-.png\" alt=\"\" data-aria-label-part=\"\" \/><\/p>\n","protected":false},"excerpt":{"rendered":"<p>Les Boucles de la Mayenne se concluaient ce dimanche, en revenant \u00e0 Laval apr\u00e8s y avoir disput\u00e9 le prologue. Il y avait alors 173 kilom\u00e8tres \u00e0 couvrir, avec un final en circuit \u00e0 parcourir quatre fois. La ligne d&rsquo;arriv\u00e9e est dessin\u00e9e au sommet d&rsquo;une courte bosse pav\u00e9e. Les derniers rescap\u00e9s de l&rsquo;\u00e9chapp\u00e9e initiale ont \u00e9t\u00e9 &hellip;<\/p>\n","protected":false},"author":15,"featured_media":0,"comment_status":"open","ping_status":"open","sticky":false,"template":"","format":"standard","meta":{"footnotes":""},"categories":[11,116,14,15,28],"tags":[],"class_list":["post-122995","post","type-post","status-publish","format-standard","hentry","category-news-niveau-2","category-boucles-de-la-mayenne","category-resultats","category-route","category-course"],"_links":{"self":[{"href":"https:\/\/cyclingpro.net\/velopro\/wp-json\/wp\/v2\/posts\/122995","targetHints":{"allow":["GET"]}}],"collection":[{"href":"https:\/\/cyclingpro.net\/velopro\/wp-json\/wp\/v2\/posts"}],"about":[{"href":"https:\/\/cyclingpro.net\/velopro\/wp-json\/wp\/v2\/types\/post"}],"author":[{"embeddable":true,"href":"https:\/\/cyclingpro.net\/velopro\/wp-json\/wp\/v2\/users\/15"}],"replies":[{"embeddable":true,"href":"https:\/\/cyclingpro.net\/velopro\/wp-json\/wp\/v2\/comments?post=122995"}],"version-history":[{"count":7,"href":"https:\/\/cyclingpro.net\/velopro\/wp-json\/wp\/v2\/posts\/122995\/revisions"}],"predecessor-version":[{"id":123002,"href":"https:\/\/cyclingpro.net\/velopro\/wp-json\/wp\/v2\/posts\/122995\/revisions\/123002"}],"wp:attachment":[{"href":"https:\/\/cyclingpro.net\/velopro\/wp-json\/wp\/v2\/media?parent=122995"}],"wp:term":[{"taxonomy":"category","embeddable":true,"href":"https:\/\/cyclingpro.net\/velopro\/wp-json\/wp\/v2\/categories?post=122995"},{"taxonomy":"post_tag","embeddable":true,"href":"https:\/\/cyclingpro.net\/velopro\/wp-json\/wp\/v2\/tags?post=122995"}],"curies":[{"name":"wp","href":"https:\/\/api.w.org\/{rel}","templated":true}]}}