{"id":122992,"date":"2019-06-09T16:26:26","date_gmt":"2019-06-09T14:26:26","guid":{"rendered":"https:\/\/cyclingpro.net\/velopro\/?p=122992"},"modified":"2019-06-09T16:26:26","modified_gmt":"2019-06-09T14:26:26","slug":"tour-de-bihor-la-derniere-pour-alois-kankovsky-le-general-pour-daniel-munoz","status":"publish","type":"post","link":"https:\/\/cyclingpro.net\/velopro\/course\/tour-de-bihor\/tour-de-bihor-la-derniere-pour-alois-kankovsky-le-general-pour-daniel-munoz\/","title":{"rendered":"Tour de Bihor : La derni\u00e8re pour Alois Kankovsky, le g\u00e9n\u00e9ral pour Daniel Munoz"},"content":{"rendered":"<p style=\"text-align: justify;\">Le Tour de Bihor prenait fin ce dimanche avec une \u00e9tape d\u00e9vou\u00e9e aux hommes rapides. Les 183 derniers kilom\u00e8tres de l&rsquo;\u00e9preuve se sont alors conclus par un sprint massif, couronnant Alois Kankovsky (Elkov-Author) devant Marko Kump (Adria Mobil) et Riccardo Stacchiotti (Giotti-Victoria-Palomar). Le classement g\u00e9n\u00e9ral est inchang\u00e9 au terme de cet ultime jour de course. Vainqueur de l&rsquo;\u00e9tape reine, Daniel Munoz (Androni-Sidermec) suit les traces de ses a\u00een\u00e9s colombiens Egan Bernal, Rodolfo Torres et Ivan Sosa : il offre \u00e0 l&rsquo;\u00e9quipe de Gianni Savio son 4e Tour de Bihor cons\u00e9cutif. Markus Freiberger (Hrinkow Advarics Cycleang) et Karel Hnik (Elkov-Author) compl\u00e8tent le podium final.<\/p>\n<blockquote class=\"twitter-tweet\" data-lang=\"fr\">\n<p dir=\"ltr\" lang=\"es\"><a href=\"https:\/\/twitter.com\/hashtag\/TourofBihor?src=hash&amp;ref_src=twsrc%5Etfw\">#TourofBihor<\/a> &#x1f1f7;&#x1f1f4;<br \/>\nDaniel Mu\u00f1oz gan\u00f3 el Tour of Bihor en Ruman\u00eda.<br \/>\nEl colombiano logr\u00f3 el triunfo para nuestro pa\u00eds por cuarto a\u00f1o consecutivo luego de las victorias de Egan Bernal en 2016, Rodolfo Torres 2017 e Ivan Ramiro Sosa 2018.<a href=\"https:\/\/twitter.com\/hashtag\/WbeimarLoDice?src=hash&amp;ref_src=twsrc%5Etfw\">#WbeimarLoDice<\/a> <a href=\"https:\/\/t.co\/a7kVtUQVwQ\">pic.twitter.com\/a7kVtUQVwQ<\/a><\/p>\n<p>\u2014 @WbeimarMunoz. (@WbeimarMunoz) <a href=\"https:\/\/twitter.com\/WbeimarMunoz\/status\/1137715328203526144?ref_src=twsrc%5Etfw\">9 juin 2019<\/a><\/p><\/blockquote>\n<p><script async src=\"https:\/\/platform.twitter.com\/widgets.js\" charset=\"utf-8\"><\/script><\/p>\n","protected":false},"excerpt":{"rendered":"<p>Le Tour de Bihor prenait fin ce dimanche avec une \u00e9tape d\u00e9vou\u00e9e aux hommes rapides. Les 183 derniers kilom\u00e8tres de l&rsquo;\u00e9preuve se sont alors conclus par un sprint massif, couronnant Alois Kankovsky (Elkov-Author) devant Marko Kump (Adria Mobil) et Riccardo Stacchiotti (Giotti-Victoria-Palomar). Le classement g\u00e9n\u00e9ral est inchang\u00e9 au terme de cet ultime jour de course. &hellip;<\/p>\n","protected":false},"author":15,"featured_media":0,"comment_status":"open","ping_status":"open","sticky":false,"template":"","format":"standard","meta":{"footnotes":""},"categories":[12,14,15,268,28],"tags":[],"class_list":["post-122992","post","type-post","status-publish","format-standard","hentry","category-non-classe","category-resultats","category-route","category-tour-de-bihor","category-course"],"_links":{"self":[{"href":"https:\/\/cyclingpro.net\/velopro\/wp-json\/wp\/v2\/posts\/122992","targetHints":{"allow":["GET"]}}],"collection":[{"href":"https:\/\/cyclingpro.net\/velopro\/wp-json\/wp\/v2\/posts"}],"about":[{"href":"https:\/\/cyclingpro.net\/velopro\/wp-json\/wp\/v2\/types\/post"}],"author":[{"embeddable":true,"href":"https:\/\/cyclingpro.net\/velopro\/wp-json\/wp\/v2\/users\/15"}],"replies":[{"embeddable":true,"href":"https:\/\/cyclingpro.net\/velopro\/wp-json\/wp\/v2\/comments?post=122992"}],"version-history":[{"count":2,"href":"https:\/\/cyclingpro.net\/velopro\/wp-json\/wp\/v2\/posts\/122992\/revisions"}],"predecessor-version":[{"id":122994,"href":"https:\/\/cyclingpro.net\/velopro\/wp-json\/wp\/v2\/posts\/122992\/revisions\/122994"}],"wp:attachment":[{"href":"https:\/\/cyclingpro.net\/velopro\/wp-json\/wp\/v2\/media?parent=122992"}],"wp:term":[{"taxonomy":"category","embeddable":true,"href":"https:\/\/cyclingpro.net\/velopro\/wp-json\/wp\/v2\/categories?post=122992"},{"taxonomy":"post_tag","embeddable":true,"href":"https:\/\/cyclingpro.net\/velopro\/wp-json\/wp\/v2\/tags?post=122992"}],"curies":[{"name":"wp","href":"https:\/\/api.w.org\/{rel}","templated":true}]}}