{"id":122837,"date":"2019-06-09T12:00:23","date_gmt":"2019-06-09T10:00:23","guid":{"rendered":"https:\/\/cyclingpro.net\/velopro\/?p=122837"},"modified":"2019-06-09T12:02:58","modified_gmt":"2019-06-09T10:02:58","slug":"alejandro-valverde-confirme-sa-presence-sur-le-tour-de-france-pour-faire-gagner-lequipe","status":"publish","type":"post","link":"https:\/\/cyclingpro.net\/velopro\/course\/tour-de-france\/alejandro-valverde-confirme-sa-presence-sur-le-tour-de-france-pour-faire-gagner-lequipe\/","title":{"rendered":"Alejandro Valverde confirme sa pr\u00e9sence sur le Tour de France \u00ab pour faire gagner l&rsquo;\u00e9quipe \u00bb"},"content":{"rendered":"<p style=\"text-align: justify;\">Alejandro Valverde d\u00e9butera bien son 12e Tour de France dans un mois. Le champion du monde l&rsquo;a annonc\u00e9 dans les colonnes de <em>Marca<\/em>, en pr\u00e9cisant clairement son r\u00f4le : \u00ab <em>aider Nairo (Quintana) ou Mikel (Landa) \u00e0 remporter le Tour<\/em>.\u00a0<em>C&rsquo;est une cours tr\u00e8s importante pour nous. J&rsquo;esp\u00e8re faire gagner l&rsquo;\u00e9quipe et briser la domination de la formation Ineos.<\/em> \u00bb<\/p>\n<p style=\"text-align: justify;\">Incertain il y a encore quelques jours \u00e0 cause de douleurs au sacrum, Valverde devrait alors jouer un r\u00f4le pr\u00e9pond\u00e9rant pour les deux leaders annonc\u00e9s de la Movistar. L&rsquo;an pass\u00e9, il \u00e9tait d\u00e9j\u00e0 engag\u00e9 sur le Tour. Le Murcian avait termin\u00e9 14e, alors que Landa et Quintana concluaient respectivement 7e et 10e.<\/p>\n","protected":false},"excerpt":{"rendered":"<p>Alejandro Valverde d\u00e9butera bien son 12e Tour de France dans un mois. Le champion du monde l&rsquo;a annonc\u00e9 dans les colonnes de Marca, en pr\u00e9cisant clairement son r\u00f4le : \u00ab aider Nairo (Quintana) ou Mikel (Landa) \u00e0 remporter le Tour.\u00a0C&rsquo;est une cours tr\u00e8s importante pour nous. J&rsquo;esp\u00e8re faire gagner l&rsquo;\u00e9quipe et briser la domination de &hellip;<\/p>\n","protected":false},"author":15,"featured_media":111617,"comment_status":"open","ping_status":"open","sticky":false,"template":"","format":"standard","meta":{"footnotes":""},"categories":[11,25,15,39,19,28],"tags":[],"class_list":["post-122837","post","type-post","status-publish","format-standard","has-post-thumbnail","hentry","category-news-niveau-2","category-news","category-route","category-tour-de-france","category-worldtour","category-course"],"_links":{"self":[{"href":"https:\/\/cyclingpro.net\/velopro\/wp-json\/wp\/v2\/posts\/122837","targetHints":{"allow":["GET"]}}],"collection":[{"href":"https:\/\/cyclingpro.net\/velopro\/wp-json\/wp\/v2\/posts"}],"about":[{"href":"https:\/\/cyclingpro.net\/velopro\/wp-json\/wp\/v2\/types\/post"}],"author":[{"embeddable":true,"href":"https:\/\/cyclingpro.net\/velopro\/wp-json\/wp\/v2\/users\/15"}],"replies":[{"embeddable":true,"href":"https:\/\/cyclingpro.net\/velopro\/wp-json\/wp\/v2\/comments?post=122837"}],"version-history":[{"count":4,"href":"https:\/\/cyclingpro.net\/velopro\/wp-json\/wp\/v2\/posts\/122837\/revisions"}],"predecessor-version":[{"id":122863,"href":"https:\/\/cyclingpro.net\/velopro\/wp-json\/wp\/v2\/posts\/122837\/revisions\/122863"}],"wp:featuredmedia":[{"embeddable":true,"href":"https:\/\/cyclingpro.net\/velopro\/wp-json\/wp\/v2\/media\/111617"}],"wp:attachment":[{"href":"https:\/\/cyclingpro.net\/velopro\/wp-json\/wp\/v2\/media?parent=122837"}],"wp:term":[{"taxonomy":"category","embeddable":true,"href":"https:\/\/cyclingpro.net\/velopro\/wp-json\/wp\/v2\/categories?post=122837"},{"taxonomy":"post_tag","embeddable":true,"href":"https:\/\/cyclingpro.net\/velopro\/wp-json\/wp\/v2\/tags?post=122837"}],"curies":[{"name":"wp","href":"https:\/\/api.w.org\/{rel}","templated":true}]}}