{"id":122671,"date":"2019-06-07T12:19:06","date_gmt":"2019-06-07T10:19:06","guid":{"rendered":"https:\/\/cyclingpro.net\/velopro\/?p=122671"},"modified":"2019-06-07T18:11:56","modified_gmt":"2019-06-07T16:11:56","slug":"tour-de-france-elia-viviani-reve-de-jaune-des-bruxelles","status":"publish","type":"post","link":"https:\/\/cyclingpro.net\/velopro\/course\/tour-de-france\/tour-de-france-elia-viviani-reve-de-jaune-des-bruxelles\/","title":{"rendered":"Tour de France : Elia Viviani r\u00eave de jaune d\u00e8s Bruxelles"},"content":{"rendered":"<p>Apr\u00e8s \u00eatre pass\u00e9 totalement \u00e0 c\u00f4t\u00e9 de son Giro, le champion d&rsquo;Italie \u00e0 d&rsquo;ores et d\u00e9j\u00e0 la t\u00eate tourn\u00e9e vers le Tour de France et des r\u00eaves de victoire sur l&rsquo;\u00e9tape d&rsquo;ouverture arrivant \u00e0 Bruxelles et ainsi d\u00e9crocher le maillot jaune. L&rsquo;\u00e9quipe Deceuninck &#8211; Quick Step va b\u00e2tir son \u00e9quipe afin de conqu\u00e9rir ce maillot et aider Elia Viviani \u00e0 remporter cette premi\u00e8re \u00e9tape. Ressorti d&rsquo;un Giro tr\u00e8s d\u00e9cevant notamment d\u00fb \u00e0 son d\u00e9classement \u00e0 Orbetello. Il a tout de m\u00eame la confiance de son \u00e9quipe, qui sera l\u00e0 pour l&rsquo;accompagner \u00e0 r\u00e9aliser ses objectifs o\u00f9 il \u00e0 part ailleurs renouveler son contrat avec l&rsquo;armada belge. Il fait part de ses r\u00eaves de jaune au quotidien italien la <em>Gazzetta dello Sport<\/em> :<\/p>\n<p><em>\u00ab\u00a0Je r\u00eave de cette victoire \u00e0 Bruxelles, de ce maillot jaune, \u00e7a serait fantastique, je la veux. \u00c7a serait aussi l&rsquo;occasion parfaite de relancer une saison en demi teinte, qui m&rsquo;a apport\u00e9 moins que ce que j&rsquo;esp\u00e9rais. C&rsquo;est un nouveau groupe avec qui je travaille, le changement entre Senechal et Morkov \u00e0 impacter la majorit\u00e9 de nos sprints, nous n&rsquo;avions plus les m\u00eames rep\u00e8res&#8230; Cela c&rsquo;est clairement vu que nous n&rsquo;\u00e9tions pas les m\u00eames que l&rsquo;an pass\u00e9. \u00bb<\/em><\/p>\n<p>Patrick Lefevere a donc d\u00e9j\u00e0 confirm\u00e9 autour d&rsquo;Elia Viviani Max Richeze et Michael Morkov, il se pourrait aussi qu&rsquo;il y ait Yves Lampaert pour l&rsquo;accompagner :\u00a0<em>\u00ab Dans le final, on arrive \u00e0 se positionner parfaitement, quand il est l\u00e0 il est capable de faire le relais qui nous mettra dans un carrosse lors de l&#8217;emballage final. Lefevere a annonc\u00e9 que je restais, \u00e7a a donc \u00e9t\u00e9 un \u00e9norme regain de confiance, de bons augures pour le Tour. Venir dans cette \u00e9quipe a \u00e9t\u00e9 le moyen de faire le saut de cat\u00e9gorie. \u00bb<\/em><\/p>\n<p>On retrouvera donc un Elia Viviani en mode guerrier le 6 juillet prochain au d\u00e9part du Tour de France.<\/p>\n<p>&nbsp;<\/p>\n","protected":false},"excerpt":{"rendered":"<p>Apr\u00e8s \u00eatre pass\u00e9 totalement \u00e0 c\u00f4t\u00e9 de son Giro, le champion d&rsquo;Italie \u00e0 d&rsquo;ores et d\u00e9j\u00e0 la t\u00eate tourn\u00e9e vers le Tour de France et des r\u00eaves de victoire sur l&rsquo;\u00e9tape d&rsquo;ouverture arrivant \u00e0 Bruxelles et ainsi d\u00e9crocher le maillot jaune. L&rsquo;\u00e9quipe Deceuninck &#8211; Quick Step va b\u00e2tir son \u00e9quipe afin de conqu\u00e9rir ce maillot &hellip;<\/p>\n","protected":false},"author":18,"featured_media":117600,"comment_status":"open","ping_status":"open","sticky":false,"template":"","format":"standard","meta":{"footnotes":""},"categories":[11,25,15,39,19],"tags":[],"class_list":["post-122671","post","type-post","status-publish","format-standard","has-post-thumbnail","hentry","category-news-niveau-2","category-news","category-route","category-tour-de-france","category-worldtour"],"_links":{"self":[{"href":"https:\/\/cyclingpro.net\/velopro\/wp-json\/wp\/v2\/posts\/122671","targetHints":{"allow":["GET"]}}],"collection":[{"href":"https:\/\/cyclingpro.net\/velopro\/wp-json\/wp\/v2\/posts"}],"about":[{"href":"https:\/\/cyclingpro.net\/velopro\/wp-json\/wp\/v2\/types\/post"}],"author":[{"embeddable":true,"href":"https:\/\/cyclingpro.net\/velopro\/wp-json\/wp\/v2\/users\/18"}],"replies":[{"embeddable":true,"href":"https:\/\/cyclingpro.net\/velopro\/wp-json\/wp\/v2\/comments?post=122671"}],"version-history":[{"count":1,"href":"https:\/\/cyclingpro.net\/velopro\/wp-json\/wp\/v2\/posts\/122671\/revisions"}],"predecessor-version":[{"id":122672,"href":"https:\/\/cyclingpro.net\/velopro\/wp-json\/wp\/v2\/posts\/122671\/revisions\/122672"}],"wp:featuredmedia":[{"embeddable":true,"href":"https:\/\/cyclingpro.net\/velopro\/wp-json\/wp\/v2\/media\/117600"}],"wp:attachment":[{"href":"https:\/\/cyclingpro.net\/velopro\/wp-json\/wp\/v2\/media?parent=122671"}],"wp:term":[{"taxonomy":"category","embeddable":true,"href":"https:\/\/cyclingpro.net\/velopro\/wp-json\/wp\/v2\/categories?post=122671"},{"taxonomy":"post_tag","embeddable":true,"href":"https:\/\/cyclingpro.net\/velopro\/wp-json\/wp\/v2\/tags?post=122671"}],"curies":[{"name":"wp","href":"https:\/\/api.w.org\/{rel}","templated":true}]}}