{"id":122442,"date":"2019-06-04T19:02:48","date_gmt":"2019-06-04T17:02:48","guid":{"rendered":"https:\/\/cyclingpro.net\/velopro\/?p=122442"},"modified":"2019-06-04T19:02:48","modified_gmt":"2019-06-04T17:02:48","slug":"tour-de-france-jumbo-visma-attend-la-decision-de-primoz-roglic","status":"publish","type":"post","link":"https:\/\/cyclingpro.net\/velopro\/course\/tour-de-france\/tour-de-france-jumbo-visma-attend-la-decision-de-primoz-roglic\/","title":{"rendered":"Tour de France : Jumbo-Visma attend la d\u00e9cision de Primoz Roglic"},"content":{"rendered":"<p style=\"text-align: justify;\">Compl\u00e8tement \u00e9mouss\u00e9 \u00e0 la fin du Giro, Primoz Roglic a tout de m\u00eame r\u00e9ussi \u00e0 monter sur le podium lors du chrono final. Souffrant des bronches et marqu\u00e9 par plusieurs p\u00e9pins physiques, le Slov\u00e8ne aspirait dimanche \u00e0 une p\u00e9riode de repos. Seulement, son encadrement a annonc\u00e9 attendre sa d\u00e9cision quant \u00e0 une participation au Tour de France. Vincenzo Nibali et Mikel Landa ont, eux, d&rsquo;ores et d\u00e9j\u00e0 confirm\u00e9 leur pr\u00e9sence \u00e0 la grand-messe de juillet.\u00a0\u00ab <em>Nous avons encore du temps pour d\u00e9cider<\/em> \u00bb, a d\u00e9clar\u00e9 le directeur sportif Merijn Zeeman au <em>Het Nieuwsblad<\/em>.<\/p>\n<h6><strong><a href=\"https:\/\/cyclingpro.net\/velopro\/course\/giro-ditalia-tour-italie\/primoz-roglic-apres-tous-les-problemes-que-jai-connus-finir-sur-le-podium-est-une-victoire\/\">Lire aussi &gt; Primoz Roglic : \u00ab Apr\u00e8s les probl\u00e8mes que j\u2019ai connus, le podium est une victoire \u00bb<\/a><\/strong><\/h6>\n<p style=\"text-align: justify;\">\u00ab <em>Apr\u00e8s le Dauphin\u00e9, nous reconna\u00eetrons certaines \u00e9tapes de montagne avec les grimpeurs. A ce moment-l\u00e0, le Giro sera d\u00e9j\u00e0 loin<\/em>, pense le responsable n\u00e9erlandais. <em>Je vais le laisser libre de d\u00e9cider. Primoz a eu une bonne premi\u00e8re moiti\u00e9 de saison, mais il est inutile de l&#8217;emmener s&rsquo;il n&rsquo;est pas au top de sa forme.<\/em> \u00bb L&rsquo;an pass\u00e9, Roglic s&rsquo;\u00e9tait class\u00e9 quatri\u00e8me du Tour devant son co\u00e9quipier Steven Kruijswijk. Cette fois, ce dernier devrait \u00eatre appel\u00e9 \u00e0 conduire le groupe, avec \u00e9galement la pr\u00e9sence de George Bennett.<\/p>\n","protected":false},"excerpt":{"rendered":"<p>Compl\u00e8tement \u00e9mouss\u00e9 \u00e0 la fin du Giro, Primoz Roglic a tout de m\u00eame r\u00e9ussi \u00e0 monter sur le podium lors du chrono final. Souffrant des bronches et marqu\u00e9 par plusieurs p\u00e9pins physiques, le Slov\u00e8ne aspirait dimanche \u00e0 une p\u00e9riode de repos. Seulement, son encadrement a annonc\u00e9 attendre sa d\u00e9cision quant \u00e0 une participation au Tour &hellip;<\/p>\n","protected":false},"author":15,"featured_media":120348,"comment_status":"open","ping_status":"open","sticky":false,"template":"","format":"standard","meta":{"footnotes":""},"categories":[11,25,15,39,19,28],"tags":[],"class_list":["post-122442","post","type-post","status-publish","format-standard","has-post-thumbnail","hentry","category-news-niveau-2","category-news","category-route","category-tour-de-france","category-worldtour","category-course"],"_links":{"self":[{"href":"https:\/\/cyclingpro.net\/velopro\/wp-json\/wp\/v2\/posts\/122442","targetHints":{"allow":["GET"]}}],"collection":[{"href":"https:\/\/cyclingpro.net\/velopro\/wp-json\/wp\/v2\/posts"}],"about":[{"href":"https:\/\/cyclingpro.net\/velopro\/wp-json\/wp\/v2\/types\/post"}],"author":[{"embeddable":true,"href":"https:\/\/cyclingpro.net\/velopro\/wp-json\/wp\/v2\/users\/15"}],"replies":[{"embeddable":true,"href":"https:\/\/cyclingpro.net\/velopro\/wp-json\/wp\/v2\/comments?post=122442"}],"version-history":[{"count":2,"href":"https:\/\/cyclingpro.net\/velopro\/wp-json\/wp\/v2\/posts\/122442\/revisions"}],"predecessor-version":[{"id":122444,"href":"https:\/\/cyclingpro.net\/velopro\/wp-json\/wp\/v2\/posts\/122442\/revisions\/122444"}],"wp:featuredmedia":[{"embeddable":true,"href":"https:\/\/cyclingpro.net\/velopro\/wp-json\/wp\/v2\/media\/120348"}],"wp:attachment":[{"href":"https:\/\/cyclingpro.net\/velopro\/wp-json\/wp\/v2\/media?parent=122442"}],"wp:term":[{"taxonomy":"category","embeddable":true,"href":"https:\/\/cyclingpro.net\/velopro\/wp-json\/wp\/v2\/categories?post=122442"},{"taxonomy":"post_tag","embeddable":true,"href":"https:\/\/cyclingpro.net\/velopro\/wp-json\/wp\/v2\/tags?post=122442"}],"curies":[{"name":"wp","href":"https:\/\/api.w.org\/{rel}","templated":true}]}}