{"id":122120,"date":"2019-06-02T17:13:59","date_gmt":"2019-06-02T15:13:59","guid":{"rendered":"https:\/\/cyclingpro.net\/velopro\/?p=122120"},"modified":"2019-06-02T18:24:29","modified_gmt":"2019-06-02T16:24:29","slug":"giro-le-chrono-a-chad-haga-la-consecration-pour-richard-carapaz","status":"publish","type":"post","link":"https:\/\/cyclingpro.net\/velopro\/course\/giro-ditalia-tour-italie\/giro-le-chrono-a-chad-haga-la-consecration-pour-richard-carapaz\/","title":{"rendered":"Giro : Le chrono \u00e0 Chad Haga, la cons\u00e9cration pour Richard Carapaz"},"content":{"rendered":"<p style=\"text-align: justify;\"><em>Une ultime chance de faire bouger les lignes. Ce dimanche, le Giro se concluait par un chrono de 17 kilom\u00e8tres autour de V\u00e9rone. Au d\u00e9part, plusieurs places du top10 restaient \u00e0 jouer, notamment la troisi\u00e8me, entre Mikel Landa et Primoz Roglic. S&rsquo;il a \u00e9t\u00e9 bien battu par Chad Haga, vainqueur devant Victor Campenaerts et Thomas De Gendt, le Slov\u00e8ne a r\u00e9ussi \u00e0 remonter sur le podium. Richard Carapaz n&rsquo;a lui pas \u00e9t\u00e9 inqui\u00e9t\u00e9 et remporte le Giro devant Vincenzo Nibali, le meilleur des grands leaders sur ce chrono.\u00a0<\/em><\/p>\n<p style=\"text-align: justify;\">La premi\u00e8re surprise n&rsquo;a pas tard\u00e9 ce dimanche. Apr\u00e8s que Tom Bohli (UAE-Team Emirates), puis Josef Cerny (CCC) se sont install\u00e9s bri\u00e8vement dans le hot seat, Victor Campenaerts (Lotto Soudal) boucle le parcours en 22&rsquo;11\u00a0\u00bb et prend la t\u00eate de l&rsquo;\u00e9preuve. On pense alors se diriger vers une attente de deux heures avant de voir les favoris s&rsquo;approcher du temps du champion d&rsquo;Europe. Il n&rsquo;en est rien. Parti quelques minutes apr\u00e8s Campenaerts, Chad Haga (Sunweb) r\u00e9alise un temps de 22&rsquo;07\u00a0\u00bb et s&rsquo;installe dans le fauteuil au d\u00e9triment du favori des bookmakers. Il \u00e9tait pourtant pass\u00e9 avec huit secondes de retard sur le recordman de l&rsquo;heure \u00e0 l&rsquo;interm\u00e9diaire du km9,5.<\/p>\n<p style=\"text-align: justify;\">Plusieurs bons rouleurs suivent, mais se cassent les dents sur le temps de Haga. Jos van Emden (Jumbo-Visma) passe \u00e0 c\u00f4t\u00e9 de son chrono, alors que Tobias Ludvigsson (Groupama-FDJ) \u00e9choue \u00e0 11&Prime; du leader. Il faut ensuite attendre Thomas De Gendt (Lotto Soudal), le 90e coureur sur la rampe de d\u00e9part, pour faire bouger les lignes. Le baroudeur belge signe 22&rsquo;13\u00a0\u00bb, \u00e0 six petites secondes de Haga. Trente coureurs en terminent ensuite sans inqui\u00e9ter le leader, jusqu&rsquo;\u00e0 Damiano Caruso (Bahrain-Merida). Ce dernier prend le deuxi\u00e8me temps \u00e0 l&rsquo;interm\u00e9diaire, avant de faiblir sur la fin. Il conclut finalement en 22&rsquo;16\u00a0\u00bb. Vainqueur la veille, Pello Bilbao (Astana) prouve lui son excellente condition en signant un temps de 22&rsquo;20\u00a0\u00bb.<\/p>\n<p style=\"text-align: justify;\">Il faut ensuite attendre le dixi\u00e8me du g\u00e9n\u00e9ral Ilnur Zakarin (Katusha-Alpecin) pour voir un coureur s&rsquo;approcher des meilleurs. Le Russe signe 22&rsquo;43\u00a0\u00bb, mais n&rsquo;inqui\u00e8te pas la neuvi\u00e8me place finale de Pavel Sivakov (Ineos). Vient ensuite la lutte pour la sixi\u00e8me position. Simon Yates (Mitchelton-Scott), Rafal Majka (Bora-hansgrohe) et Miguel Angel Lopez (Astana) sont seulement s\u00e9par\u00e9s de 33 secondes au g\u00e9n\u00e9ral. Yates termine en 23&rsquo;07\u00a0\u00bb, Majka en 22&rsquo;47\u00a0\u00bb et Lopez en 23&rsquo;27\u00a0\u00bb. C&rsquo;est alors le Polonais qui conclura sixi\u00e8me du Giro, devant Lopez et Yates.<\/p>\n<p style=\"text-align: justify;\">Bauke Mollema (Trek-Segafredo) assure ensuite sa 5e place au g\u00e9n\u00e9ral avec un temps de 23&rsquo;11\u00a0\u00bb. Vient ensuite la bagarre pour la troisi\u00e8me place entre Primoz Roglic (Jumbo-Visma) et Mikel Landa (Movistar). Parmi les favoris de l&rsquo;\u00e9tape, le Slov\u00e8ne d\u00e9\u00e7oit en ne signant que 22&rsquo;33\u00a0\u00bb, \u00e0 26&Prime; de la marque \u00e9tablie par Haga. Cela ne l&#8217;emp\u00eache pas de remonter sur le podium final puisque Landa conclut en 23&rsquo;04\u00a0\u00bb. Roglic lui prend la troisi\u00e8me place pour huit secondes! Enfin, Vincenzo Nibali (Bahrain-Merida) fait mieux que Roglic et coupe la ligne en 22&rsquo;30\u00a0\u00bb. Une grande performance qui ne lui permet pas de renverser la course. Le maillot rose Richard Carapaz assure en 23&rsquo;19\u00a0\u00bb et remporte le Giro 2019.<\/p>\n<p style=\"text-align: justify;\">L&rsquo;ultime \u00e9tape revient elle \u00e0 Chad Haga qui signe ici, \u00e0 trente ans, sa premi\u00e8re victoire WorldTour. L&rsquo;Am\u00e9ricain est le seul coureur \u00e0 avoir su tenir une moyenne sup\u00e9rieure \u00e0 46km\/h sur l&rsquo;exigeant parcours. Victor Campenaerts termine deuxi\u00e8me \u00e0 4&Prime; devant son co\u00e9quipier Thomas De Gendt, qui a conclu \u00e0 6&Prime;.<\/p>\n<p><strong>Le classement du chrono final :\u00a0<\/strong><br \/>\n1. Chad Haga (Sunweb) en 22&rsquo;07\u00a0\u00bb<br \/>\n2. Victor Campenaerts (Lotto Soudal) \u00e0 4&Prime;<br \/>\n3. Thomas De Gendt (Lotto Soudal) \u00e0 6&Prime;<br \/>\n4. Damiano Caruso (Bahrain-Merida) \u00e0 9&Prime;<br \/>\n5. Tobias Ludvigsson (Groupama-FDJ) \u00e0 11&Prime;<br \/>\n6. Josef Cerny (CCC) m.t.<br \/>\n7. Pello Bilbao (Astana) \u00e0 17&Prime;<br \/>\n8. Mattia Cattaneo (Androni-Sidermec) \u00e0 20&Prime;<br \/>\n9. Vincenzo Nibali (Bahrain-Merida) \u00e0 23&Prime;<br \/>\n10. Primoz Roglic (Jumbo-Visma) \u00e0 26&Prime;<\/p>\n<p><strong>Le classement g\u00e9n\u00e9ral final :\u00a0<\/strong><br \/>\n1. Richard Carapaz (Movistar) en 90h01&rsquo;47\u00a0\u00bb<br \/>\n2. Vincenzo Nibali (Bahrain-Merida) \u00e0 1&rsquo;05\u00a0\u00bb<br \/>\n3. Primoz Roglic (Jumbo-Visma) \u00e0 2&rsquo;30\u00a0\u00bb<br \/>\n4. Mikel Landa (Movistar) \u00e0 2&rsquo;38\u00a0\u00bb<br \/>\n5. Bauke Mollema (Trek-Segafredo) \u00e0 5&rsquo;43\u00a0\u00bb<br \/>\n6. Rafal Majka (Bora-hansgrohe) \u00e0 6&rsquo;56\u00a0\u00bb<br \/>\n7. Miguel Angel Lopez (Astana) \u00e0 7&rsquo;26\u00a0\u00bb<br \/>\n8. Simon Yates (Mitchelton-Scott) \u00e0 7&rsquo;49\u00a0\u00bb<br \/>\n9. Pavel Sivakov (Ineos) \u00e0 8&rsquo;56\u00a0\u00bb<br \/>\n10. Ilnur Zakarin (Katusha-Alpecin) \u00e0 12&rsquo;14\u00a0\u00bb<\/p>\n","protected":false},"excerpt":{"rendered":"<p>Une ultime chance de faire bouger les lignes. Ce dimanche, le Giro se concluait par un chrono de 17 kilom\u00e8tres autour de V\u00e9rone. Au d\u00e9part, plusieurs places du top10 restaient \u00e0 jouer, notamment la troisi\u00e8me, entre Mikel Landa et Primoz Roglic. S&rsquo;il a \u00e9t\u00e9 bien battu par Chad Haga, vainqueur devant Victor Campenaerts et Thomas &hellip;<\/p>\n","protected":false},"author":15,"featured_media":122287,"comment_status":"open","ping_status":"open","sticky":false,"template":"","format":"standard","meta":{"footnotes":""},"categories":[27,17,58,14,15,19,28],"tags":[],"class_list":["post-122120","post","type-post","status-publish","format-standard","has-post-thumbnail","hentry","category-gros-bloc","category-une","category-giro-ditalia-tour-italie","category-resultats","category-route","category-worldtour","category-course"],"_links":{"self":[{"href":"https:\/\/cyclingpro.net\/velopro\/wp-json\/wp\/v2\/posts\/122120","targetHints":{"allow":["GET"]}}],"collection":[{"href":"https:\/\/cyclingpro.net\/velopro\/wp-json\/wp\/v2\/posts"}],"about":[{"href":"https:\/\/cyclingpro.net\/velopro\/wp-json\/wp\/v2\/types\/post"}],"author":[{"embeddable":true,"href":"https:\/\/cyclingpro.net\/velopro\/wp-json\/wp\/v2\/users\/15"}],"replies":[{"embeddable":true,"href":"https:\/\/cyclingpro.net\/velopro\/wp-json\/wp\/v2\/comments?post=122120"}],"version-history":[{"count":6,"href":"https:\/\/cyclingpro.net\/velopro\/wp-json\/wp\/v2\/posts\/122120\/revisions"}],"predecessor-version":[{"id":122265,"href":"https:\/\/cyclingpro.net\/velopro\/wp-json\/wp\/v2\/posts\/122120\/revisions\/122265"}],"wp:featuredmedia":[{"embeddable":true,"href":"https:\/\/cyclingpro.net\/velopro\/wp-json\/wp\/v2\/media\/122287"}],"wp:attachment":[{"href":"https:\/\/cyclingpro.net\/velopro\/wp-json\/wp\/v2\/media?parent=122120"}],"wp:term":[{"taxonomy":"category","embeddable":true,"href":"https:\/\/cyclingpro.net\/velopro\/wp-json\/wp\/v2\/categories?post=122120"},{"taxonomy":"post_tag","embeddable":true,"href":"https:\/\/cyclingpro.net\/velopro\/wp-json\/wp\/v2\/tags?post=122120"}],"curies":[{"name":"wp","href":"https:\/\/api.w.org\/{rel}","templated":true}]}}