{"id":122084,"date":"2019-06-02T13:15:38","date_gmt":"2019-06-02T11:15:38","guid":{"rendered":"https:\/\/cyclingpro.net\/velopro\/?p=122084"},"modified":"2019-06-02T13:15:38","modified_gmt":"2019-06-02T11:15:38","slug":"vincenzo-nibali-sur-le-tour-de-france-pour-les-etapes-et-peut-etre-le-maillot-a-pois","status":"publish","type":"post","link":"https:\/\/cyclingpro.net\/velopro\/course\/tour-de-france\/vincenzo-nibali-sur-le-tour-de-france-pour-les-etapes-et-peut-etre-le-maillot-a-pois\/","title":{"rendered":"Vincenzo Nibali sur le Tour de France \u00ab pour les \u00e9tapes et peut-\u00eatre le maillot \u00e0 pois \u00bb"},"content":{"rendered":"<p style=\"text-align: justify;\">Vincenzo Nibali sera bien pr\u00e9sent \u00e0 la grand-messe de juillet, mais pas pour le classement g\u00e9n\u00e9ral. C&rsquo;est en tout cas la r\u00e9v\u00e9lation surprenante qu&rsquo;a fait l&rsquo;actuel deuxi\u00e8me du Giro \u00e0 la Gazzetta dello Sport.\u00a0\u00ab <em>Je ne me vois pas faire un classement<\/em>.<em> C&rsquo;\u00e9tait un Giro tr\u00e8s lourd<\/em>, a-t-il expliqu\u00e9. <em>L&rsquo;id\u00e9e est d&rsquo;aller sur le Tour pour des victoires d&rsquo;\u00e9tape. Peut-\u00eatre que le maillot \u00e0 pois sera aussi une option.<\/em> \u00bb<\/p>\n<p style=\"text-align: justify;\">Vainqueur de la Grande Boucle en 2014, Nibali a en tout cas une revanche \u00e0 prendre sur l&rsquo;\u00e9dition 2018. Alors qu&rsquo;il \u00e9tait quatri\u00e8me du g\u00e9n\u00e9ral apr\u00e8s douze \u00e9tapes, il avait du abandonner dans l&rsquo;Alpe d&rsquo;Huez apr\u00e8s une chute caus\u00e9e par la sangle d&rsquo;appareil photo d&rsquo;un spectateur. Sa derni\u00e8re victoire sur le Tour remonte \u00e0 2015. Le Squale avait alors r\u00e9gl\u00e9 l&rsquo;avant-derni\u00e8re \u00e9tape de montagne, arrivant seul au sommet de La Toussuire. Cette saison, Nibali a multipli\u00e9 les top10 sur le Tour des Alpes et le Giro, mais n&rsquo;a toujours pas lev\u00e9 les bras.<\/p>\n","protected":false},"excerpt":{"rendered":"<p>Vincenzo Nibali sera bien pr\u00e9sent \u00e0 la grand-messe de juillet, mais pas pour le classement g\u00e9n\u00e9ral. C&rsquo;est en tout cas la r\u00e9v\u00e9lation surprenante qu&rsquo;a fait l&rsquo;actuel deuxi\u00e8me du Giro \u00e0 la Gazzetta dello Sport.\u00a0\u00ab Je ne me vois pas faire un classement. C&rsquo;\u00e9tait un Giro tr\u00e8s lourd, a-t-il expliqu\u00e9. L&rsquo;id\u00e9e est d&rsquo;aller sur le Tour &hellip;<\/p>\n","protected":false},"author":15,"featured_media":80500,"comment_status":"open","ping_status":"open","sticky":false,"template":"","format":"standard","meta":{"footnotes":""},"categories":[11,25,15,39,19,28],"tags":[],"class_list":["post-122084","post","type-post","status-publish","format-standard","has-post-thumbnail","hentry","category-news-niveau-2","category-news","category-route","category-tour-de-france","category-worldtour","category-course"],"_links":{"self":[{"href":"https:\/\/cyclingpro.net\/velopro\/wp-json\/wp\/v2\/posts\/122084","targetHints":{"allow":["GET"]}}],"collection":[{"href":"https:\/\/cyclingpro.net\/velopro\/wp-json\/wp\/v2\/posts"}],"about":[{"href":"https:\/\/cyclingpro.net\/velopro\/wp-json\/wp\/v2\/types\/post"}],"author":[{"embeddable":true,"href":"https:\/\/cyclingpro.net\/velopro\/wp-json\/wp\/v2\/users\/15"}],"replies":[{"embeddable":true,"href":"https:\/\/cyclingpro.net\/velopro\/wp-json\/wp\/v2\/comments?post=122084"}],"version-history":[{"count":3,"href":"https:\/\/cyclingpro.net\/velopro\/wp-json\/wp\/v2\/posts\/122084\/revisions"}],"predecessor-version":[{"id":122097,"href":"https:\/\/cyclingpro.net\/velopro\/wp-json\/wp\/v2\/posts\/122084\/revisions\/122097"}],"wp:featuredmedia":[{"embeddable":true,"href":"https:\/\/cyclingpro.net\/velopro\/wp-json\/wp\/v2\/media\/80500"}],"wp:attachment":[{"href":"https:\/\/cyclingpro.net\/velopro\/wp-json\/wp\/v2\/media?parent=122084"}],"wp:term":[{"taxonomy":"category","embeddable":true,"href":"https:\/\/cyclingpro.net\/velopro\/wp-json\/wp\/v2\/categories?post=122084"},{"taxonomy":"post_tag","embeddable":true,"href":"https:\/\/cyclingpro.net\/velopro\/wp-json\/wp\/v2\/tags?post=122084"}],"curies":[{"name":"wp","href":"https:\/\/api.w.org\/{rel}","templated":true}]}}