{"id":122027,"date":"2019-06-01T19:50:02","date_gmt":"2019-06-01T17:50:02","guid":{"rendered":"https:\/\/cyclingpro.net\/velopro\/?p=122027"},"modified":"2019-06-01T20:17:01","modified_gmt":"2019-06-01T18:17:01","slug":"miguel-angel-lopez-appel-a-une-meilleure-securite-sur-les-courses","status":"publish","type":"post","link":"https:\/\/cyclingpro.net\/velopro\/course\/giro-ditalia-tour-italie\/miguel-angel-lopez-appel-a-une-meilleure-securite-sur-les-courses\/","title":{"rendered":"Miguel Angel Lopez appelle \u00e0 une \u00ab meilleure s\u00e9curit\u00e9 sur les courses \u00bb"},"content":{"rendered":"<p style=\"text-align: justify;\">En l&rsquo;espace de quelques secondes, Miguel Angel Lopez a vu tous ses espoirs partir en fum\u00e9e. Renvers\u00e9 par un supporter dans la mont\u00e9e finale du Monte Avena, le colombien de la formation Astana a mis un temps fou \u00e0 repartir. Pire encore, il a m\u00eame perdu ses nerfs et s&rsquo;est attaqu\u00e9 physiquement au spectateur coupable. Un fait de course qui a sembl\u00e9 profond\u00e9ment perturber le colombien, qui n&rsquo;a jamais pu reprendre le fil de sa course, et qui perd au final pr\u00e8s de deux minutes sur les leaders du g\u00e9n\u00e9ral. Avant cela, il avait \u00e9t\u00e9 le leader le plus offensif, et ce d\u00e8s le Passo Manghen. Malheureusement en vain.<\/p>\n<p><a href=\"https:\/\/cyclingpro.net\/velopro\/course\/giro-ditalia-tour-italie\/giro-miguel-angel-lopez-frappe-le-spectateur-qui-a-cause-sa-chute\/\"><strong><span style=\"font-size: 8pt;\">Lire aussi &gt;\u00a0Miguel Angel Lopez frappe le spectateur qui a caus\u00e9 sa chute<\/span><\/strong><\/a><\/p>\n<p style=\"text-align: justify;\">A l&rsquo;arriv\u00e9e, il semblait toujours aussi agac\u00e9 par cet incident. \u00ab <em>Ma r\u00e9action arrive avec l&rsquo;adr\u00e9naline. Les spectateurs doivent respecter la course et les coureurs, et ce n&rsquo;est pas normal. Il faut une meilleure s\u00e9curit\u00e9 sur les courses, car ce n&rsquo;est pas la premi\u00e8re fois qu&rsquo;un tel incident arrive. \u00bb<\/em> D\u00e9sabus\u00e9, il regrette ce temps perdu, mais tient tout de m\u00eame \u00e0 f\u00e9liciter son co\u00e9quipier Pello Bilbao, vainqueur de l&rsquo;\u00e9tape du jour. \u00ab <em>L&rsquo;objectif \u00e9tait bien entendu de gagner, et c&rsquo;est pour cela que j&rsquo;ai essay\u00e9 \u00e0 plusieurs reprises. Mais au final, c&rsquo;est moi qui perd du temps. Je suis tout de m\u00eame content que Pello Bilbao gagne l&rsquo;\u00e9tape<\/em>. \u00bb<\/p>\n<p><iframe loading=\"lazy\" src=\"\/\/www.youtube.com\/embed\/pe1UUxKFe1U\" width=\"560\" height=\"314\" allowfullscreen=\"allowfullscreen\"><\/iframe><\/p>\n","protected":false},"excerpt":{"rendered":"<p>En l&rsquo;espace de quelques secondes, Miguel Angel Lopez a vu tous ses espoirs partir en fum\u00e9e. Renvers\u00e9 par un supporter dans la mont\u00e9e finale du Monte Avena, le colombien de la formation Astana a mis un temps fou \u00e0 repartir. Pire encore, il a m\u00eame perdu ses nerfs et s&rsquo;est attaqu\u00e9 physiquement au spectateur coupable. &hellip;<\/p>\n","protected":false},"author":11,"featured_media":122035,"comment_status":"open","ping_status":"open","sticky":false,"template":"","format":"standard","meta":{"footnotes":""},"categories":[11,58,8,15,18,19],"tags":[],"class_list":["post-122027","post","type-post","status-publish","format-standard","has-post-thumbnail","hentry","category-news-niveau-2","category-giro-ditalia-tour-italie","category-interviews","category-route","category-videos","category-worldtour"],"_links":{"self":[{"href":"https:\/\/cyclingpro.net\/velopro\/wp-json\/wp\/v2\/posts\/122027","targetHints":{"allow":["GET"]}}],"collection":[{"href":"https:\/\/cyclingpro.net\/velopro\/wp-json\/wp\/v2\/posts"}],"about":[{"href":"https:\/\/cyclingpro.net\/velopro\/wp-json\/wp\/v2\/types\/post"}],"author":[{"embeddable":true,"href":"https:\/\/cyclingpro.net\/velopro\/wp-json\/wp\/v2\/users\/11"}],"replies":[{"embeddable":true,"href":"https:\/\/cyclingpro.net\/velopro\/wp-json\/wp\/v2\/comments?post=122027"}],"version-history":[{"count":2,"href":"https:\/\/cyclingpro.net\/velopro\/wp-json\/wp\/v2\/posts\/122027\/revisions"}],"predecessor-version":[{"id":122036,"href":"https:\/\/cyclingpro.net\/velopro\/wp-json\/wp\/v2\/posts\/122027\/revisions\/122036"}],"wp:featuredmedia":[{"embeddable":true,"href":"https:\/\/cyclingpro.net\/velopro\/wp-json\/wp\/v2\/media\/122035"}],"wp:attachment":[{"href":"https:\/\/cyclingpro.net\/velopro\/wp-json\/wp\/v2\/media?parent=122027"}],"wp:term":[{"taxonomy":"category","embeddable":true,"href":"https:\/\/cyclingpro.net\/velopro\/wp-json\/wp\/v2\/categories?post=122027"},{"taxonomy":"post_tag","embeddable":true,"href":"https:\/\/cyclingpro.net\/velopro\/wp-json\/wp\/v2\/tags?post=122027"}],"curies":[{"name":"wp","href":"https:\/\/api.w.org\/{rel}","templated":true}]}}