{"id":120889,"date":"2019-05-28T18:25:38","date_gmt":"2019-05-28T16:25:38","guid":{"rendered":"https:\/\/cyclingpro.net\/velopro\/?p=120889"},"modified":"2019-05-28T18:25:38","modified_gmt":"2019-05-28T16:25:38","slug":"le-classement-des-favoris-du-giro-roglic-craque-carapaz-et-nibali-capitalisent","status":"publish","type":"post","link":"https:\/\/cyclingpro.net\/velopro\/course\/giro-ditalia-tour-italie\/le-classement-des-favoris-du-giro-roglic-craque-carapaz-et-nibali-capitalisent\/","title":{"rendered":"Le classement des favoris du Giro : Roglic craque, Carapaz et Nibali capitalisent"},"content":{"rendered":"<p style=\"text-align: justify;\">La troisi\u00e8me semaine commence fort. Apr\u00e8s la journ\u00e9e de repos, les coureurs du 102e Giro affrontaient 4800 m\u00e8tres de d\u00e9nivel\u00e9 ce mardi. En point d&rsquo;orgue, l&rsquo;ascension du Mortirolo (11,9km \u00e0 10,9%) a occasionn\u00e9 de belles diff\u00e9rences entre les favoris. Si Giulio Ciccone, Jan Hirt et Fausto Masnada, les trois derniers rescap\u00e9s de l&rsquo;\u00e9chapp\u00e9e matinale, se sont r\u00e9partis le podium dans cet ordre, les leaders sont arriv\u00e9s ensuite, en ordre dispers\u00e9.<\/p>\n<h6 class=\"post-box-title\"><strong><a href=\"https:\/\/cyclingpro.net\/velopro\/course\/giro-ditalia-tour-italie\/giro-giulio-ciccone-au-bout-de-lechappee-primoz-roglic-grand-perdant\/\" rel=\"bookmark\">Lire aussi &gt; Giro : Giulio Ciccone au bout de l\u2019\u00e9chapp\u00e9e, Primoz Roglic grand perdant<\/a><\/strong><\/h6>\n<p style=\"text-align: justify;\">A l&rsquo;attaque \u00e0 six kilom\u00e8tres du sommet du Mortirolo, c&rsquo;est encore Vincenzo Nibali qui a lanc\u00e9 la bagarre. S&rsquo;il n&rsquo;a pas fait vaciller le maillot rose Richard Carapaz, le Requin de Messine a distanc\u00e9 Primoz Roglic. Il passe devant le Slov\u00e8ne au g\u00e9n\u00e9ral, et occupe d\u00e9sormais la deuxi\u00e8me place. Arriv\u00e9 avec son co\u00e9quipier Carapaz, Mikel Landa double \u00e9galement Bauke Mollema. Le Basque se rapproche \u00e0 la quatri\u00e8me position. Rafal Majka perd deux places et se retrouve sixi\u00e8me, alors que Miguel Angel Lopez passe septi\u00e8me. Simon Yates, Pavel Sivakov et Jan Polanc compl\u00e8tent le top10.<\/p>\n<p><strong>Le classement des favoris apr\u00e8s la 16e \u00e9tape :\u00a0<\/strong><\/p>\n<table class=\"tab_classifiche\">\n<tbody>\n<tr class=\"content row_atleta numero_3\">\n<td class=\"pos\">1<\/td>\n<td class=\"nome\">CARAPAZ Richard<\/td>\n<td class=\"squadra_nome\">MOVISTAR TEAM<\/td>\n<td class=\"distacco\">70h 02\u2019 05\u201d<\/td>\n<\/tr>\n<tr class=\"content row_atleta numero_41\">\n<td class=\"pos\">2<\/td>\n<td class=\"nome\">NIBALI Vincenzo<\/td>\n<td class=\"squadra_nome\">BAHRAIN \u2013 MERIDA<\/td>\n<td class=\"distacco\">01\u2019 47\u201d<\/td>\n<\/tr>\n<tr class=\"content row_atleta numero_171\">\n<td class=\"pos\">3<\/td>\n<td class=\"nome\">ROGLIC Primoz<\/td>\n<td class=\"squadra_nome\">TEAM JUMBO \u2013 VISMA<\/td>\n<td class=\"distacco\">02\u2019 09\u201d<\/td>\n<\/tr>\n<tr class=\"content row_atleta numero_1\">\n<td class=\"pos\">4<\/td>\n<td class=\"nome\">LANDA MEANA Mikel<\/td>\n<td class=\"squadra_nome\">MOVISTAR TEAM<\/td>\n<td class=\"distacco\">03\u2019 15\u201d<\/td>\n<\/tr>\n<tr class=\"content row_atleta numero_201\">\n<td class=\"pos\">5<\/td>\n<td class=\"nome\">MOLLEMA Bauke<\/td>\n<td class=\"squadra_nome\">TREK \u2013 SEGAFREDO<\/td>\n<td class=\"distacco\">05\u2019 00\u201d<\/td>\n<\/tr>\n<tr class=\"content row_atleta numero_61\">\n<td class=\"pos\">6<\/td>\n<td class=\"nome\">MAJKA Rafal<\/td>\n<td class=\"squadra_nome\">BORA \u2013 HANSGROHE<\/td>\n<td class=\"distacco\">05\u2019 40\u201d<\/td>\n<\/tr>\n<tr class=\"content row_atleta numero_31\">\n<td class=\"pos\">7<\/td>\n<td class=\"nome\">LOPEZ Miguel Angel<\/td>\n<td class=\"squadra_nome\">ASTANA PRO TEAM<\/td>\n<td class=\"distacco\">06\u2019 17\u201d<\/td>\n<\/tr>\n<tr class=\"content row_atleta numero_131\">\n<td class=\"pos\">8<\/td>\n<td class=\"nome\">YATES Simon Philip<\/td>\n<td class=\"squadra_nome\">MITCHELTON \u2013 SCOTT<\/td>\n<td class=\"distacco\">06\u2019 46\u201d<\/td>\n<\/tr>\n<tr class=\"content row_atleta numero_161\">\n<td class=\"pos\">9<\/td>\n<td class=\"nome\">SIVAKOV Pavel<\/td>\n<td class=\"squadra_nome\">TEAM INEOS<\/td>\n<td class=\"distacco\">07\u2019 51\u201d<\/td>\n<\/tr>\n<tr class=\"content row_atleta numero_217\">\n<td class=\"pos\">10<\/td>\n<td class=\"nome\">POLANC Jan<\/td>\n<td class=\"squadra_nome\">UAE TEAM EMIRATES<\/td>\n<td class=\"distacco\">08\u2019 06\u201d<\/td>\n<\/tr>\n<tr class=\"content row_atleta numero_181\">\n<td class=\"pos\">11<\/td>\n<td class=\"nome\">ZAKARIN Ilnur<\/td>\n<td class=\"squadra_nome\">TEAM KATUSHA ALPECIN<\/td>\n<td class=\"distacco\">10\u2019 02\u201d<\/td>\n<\/tr>\n<tr class=\"content row_atleta numero_64\">\n<td class=\"pos\">12<\/td>\n<td class=\"nome\">FORMOLO Davide<\/td>\n<td class=\"squadra_nome\">BORA \u2013 HANSGROHE<\/td>\n<td class=\"distacco\">11\u2019 51\u201d<\/td>\n<\/tr>\n<tr class=\"content row_atleta numero_96\">\n<td class=\"pos\">13<\/td>\n<td class=\"nome\">CARTHY Hugh John<\/td>\n<td class=\"squadra_nome\">EF EDUCATION FIRST<\/td>\n<td class=\"distacco\">14\u2019 38\u201d<\/td>\n<\/tr>\n<tr class=\"content row_atleta numero_97\">\n<td class=\"pos\">14<\/td>\n<td class=\"nome\">DOMBROWSKI Joseph Lloyd<\/td>\n<td class=\"squadra_nome\">EF EDUCATION FIRST<\/td>\n<td class=\"distacco\">14\u2019 52\u201d<\/td>\n<\/tr>\n<tr class=\"content row_atleta numero_106\">\n<td class=\"pos\">15<\/td>\n<td class=\"nome\">MADOUAS Valentin<\/td>\n<td class=\"squadra_nome\">GROUPAMA \u2013 FDJ<\/td>\n<td class=\"distacco\">18\u2019 21\u201d<\/td>\n<\/tr>\n<tr class=\"content row_atleta numero_203\">\n<td class=\"pos\">16<\/td>\n<td class=\"nome\">CICCONE Giulio<\/td>\n<td class=\"squadra_nome\">TREK \u2013 SEGAFREDO<\/td>\n<td class=\"distacco\">23\u2019 46\u201d<\/td>\n<\/tr>\n<tr class=\"content row_atleta numero_138\">\n<td class=\"pos\">17<\/td>\n<td class=\"nome\">NIEVE ITURRALDE Mikel<\/td>\n<td class=\"squadra_nome\">MITCHELTON \u2013 SCOTT<\/td>\n<td class=\"distacco\">24\u2019 50\u201d<\/td>\n<\/tr>\n<tr class=\"content row_atleta numero_26\">\n<td class=\"pos\">18<\/td>\n<td class=\"nome\">MASNADA Fausto<\/td>\n<td class=\"squadra_nome\">ANDRONI GIOCATTOLI \u2013 SIDERMEC<\/td>\n<td class=\"distacco\">26\u2019 25\u201d<\/td>\n<\/tr>\n<tr class=\"content row_atleta numero_73\">\n<td class=\"pos\">19<\/td>\n<td class=\"nome\">DE LA PARTE Victor<\/td>\n<td class=\"squadra_nome\">CCC TEAM<\/td>\n<td class=\"distacco\">27\u2019 46\u201d<\/td>\n<\/tr>\n<tr class=\"content row_atleta numero_98\">\n<td class=\"pos\">20<\/td>\n<td class=\"nome\">KANGERT Tanel<\/td>\n<td class=\"squadra_nome\">EF EDUCATION FIRST<\/td>\n<td class=\"distacco\">31\u2019 19\u201d<\/td>\n<\/tr>\n<tr class=\"content row_atleta numero_48\">\n<td class=\"pos\">21<\/td>\n<td class=\"nome\">POZZOVIVO Domenico<\/td>\n<td class=\"squadra_nome\">BAHRAIN \u2013 MERIDA<\/td>\n<td class=\"distacco\">32\u2019 26\u201d<\/td>\n<\/tr>\n<tr class=\"content row_atleta numero_162\">\n<td class=\"pos\">22<\/td>\n<td class=\"nome\">DUNBAR Edward<\/td>\n<td class=\"squadra_nome\">TEAM INEOS<\/td>\n<td class=\"distacco\">35\u2019 49\u201d<\/td>\n<\/tr>\n<tr class=\"content row_atleta numero_214\">\n<td class=\"pos\">23<\/td>\n<td class=\"nome\">CONTI Valerio<\/td>\n<td class=\"squadra_nome\">UAE TEAM EMIRATES<\/td>\n<td class=\"distacco\">37\u2019 22\u201d<\/td>\n<\/tr>\n<tr class=\"content row_atleta numero_23\">\n<td class=\"pos\">24<\/td>\n<td class=\"nome\">CATTANEO Mattia<\/td>\n<td class=\"squadra_nome\">ANDRONI GIOCATTOLI \u2013 SIDERMEC<\/td>\n<td class=\"distacco\">37\u2019 43\u201d<\/td>\n<\/tr>\n<tr class=\"content row_atleta numero_44\">\n<td class=\"pos\">25<\/td>\n<td class=\"nome\">CARUSO Damiano<\/td>\n<td class=\"squadra_nome\">BAHRAIN \u2013 MERIDA<\/td>\n<td class=\"distacco\">43\u2019 00\u201d<\/td>\n<\/tr>\n<tr class=\"content row_atleta numero_38\">\n<td class=\"pos\">26<\/td>\n<td class=\"nome\">ZEITS Andrey<\/td>\n<td class=\"squadra_nome\">ASTANA PRO TEAM<\/td>\n<td class=\"distacco\">43\u2019 37\u201d<\/td>\n<\/tr>\n<tr class=\"content row_atleta numero_164\">\n<td class=\"pos\">27<\/td>\n<td class=\"nome\">HENAO GOMEZ Sebastian<\/td>\n<td class=\"squadra_nome\">TEAM INEOS<\/td>\n<td class=\"distacco\">44\u2019 57\u201d<\/td>\n<\/tr>\n<tr class=\"content row_atleta numero_35\">\n<td class=\"pos\">28<\/td>\n<td class=\"nome\">HIRT Jan<\/td>\n<td class=\"squadra_nome\">ASTANA PRO TEAM<\/td>\n<td class=\"distacco\">45\u2019 43\u201d<\/td>\n<\/tr>\n<tr class=\"content row_atleta numero_84\">\n<td class=\"pos\">29<\/td>\n<td class=\"nome\">JUNGELS Bob<\/td>\n<td class=\"squadra_nome\">DECEUNINCK \u2013 QUICK-STEP<\/td>\n<td class=\"distacco\">51\u2019 04\u201d<\/td>\n<\/tr>\n<tr class=\"content row_atleta numero_2\">\n<td class=\"pos\">30<\/td>\n<td class=\"nome\">AMADOR Andrey<\/td>\n<td class=\"squadra_nome\">MOVISTAR TEAM<\/td>\n<td class=\"distacco\">55\u2019 03\u201d<\/td>\n<\/tr>\n<tr class=\"content row_atleta numero_136\">\n<td class=\"pos\">34<\/td>\n<td class=\"nome\">HAMILTON Lucas<\/td>\n<td class=\"squadra_nome\">MITCHELTON \u2013 SCOTT<\/td>\n<td class=\"distacco\">1h 02\u2019 23\u201d<\/td>\n<\/tr>\n<tr class=\"content row_atleta numero_168\">\n<td class=\"pos\">39<\/td>\n<td class=\"nome\">SOSA Ivan Ramiro<\/td>\n<td class=\"squadra_nome\">TEAM INEOS<\/td>\n<td class=\"distacco\">1h 12\u2019 49\u201d<\/td>\n<\/tr>\n<\/tbody>\n<\/table>\n","protected":false},"excerpt":{"rendered":"<p>La troisi\u00e8me semaine commence fort. Apr\u00e8s la journ\u00e9e de repos, les coureurs du 102e Giro affrontaient 4800 m\u00e8tres de d\u00e9nivel\u00e9 ce mardi. En point d&rsquo;orgue, l&rsquo;ascension du Mortirolo (11,9km \u00e0 10,9%) a occasionn\u00e9 de belles diff\u00e9rences entre les favoris. Si Giulio Ciccone, Jan Hirt et Fausto Masnada, les trois derniers rescap\u00e9s de l&rsquo;\u00e9chapp\u00e9e matinale, se &hellip;<\/p>\n","protected":false},"author":15,"featured_media":120892,"comment_status":"open","ping_status":"open","sticky":false,"template":"","format":"standard","meta":{"footnotes":""},"categories":[11,58,14,15,19,28],"tags":[],"class_list":["post-120889","post","type-post","status-publish","format-standard","has-post-thumbnail","hentry","category-news-niveau-2","category-giro-ditalia-tour-italie","category-resultats","category-route","category-worldtour","category-course"],"_links":{"self":[{"href":"https:\/\/cyclingpro.net\/velopro\/wp-json\/wp\/v2\/posts\/120889","targetHints":{"allow":["GET"]}}],"collection":[{"href":"https:\/\/cyclingpro.net\/velopro\/wp-json\/wp\/v2\/posts"}],"about":[{"href":"https:\/\/cyclingpro.net\/velopro\/wp-json\/wp\/v2\/types\/post"}],"author":[{"embeddable":true,"href":"https:\/\/cyclingpro.net\/velopro\/wp-json\/wp\/v2\/users\/15"}],"replies":[{"embeddable":true,"href":"https:\/\/cyclingpro.net\/velopro\/wp-json\/wp\/v2\/comments?post=120889"}],"version-history":[{"count":2,"href":"https:\/\/cyclingpro.net\/velopro\/wp-json\/wp\/v2\/posts\/120889\/revisions"}],"predecessor-version":[{"id":120893,"href":"https:\/\/cyclingpro.net\/velopro\/wp-json\/wp\/v2\/posts\/120889\/revisions\/120893"}],"wp:featuredmedia":[{"embeddable":true,"href":"https:\/\/cyclingpro.net\/velopro\/wp-json\/wp\/v2\/media\/120892"}],"wp:attachment":[{"href":"https:\/\/cyclingpro.net\/velopro\/wp-json\/wp\/v2\/media?parent=120889"}],"wp:term":[{"taxonomy":"category","embeddable":true,"href":"https:\/\/cyclingpro.net\/velopro\/wp-json\/wp\/v2\/categories?post=120889"},{"taxonomy":"post_tag","embeddable":true,"href":"https:\/\/cyclingpro.net\/velopro\/wp-json\/wp\/v2\/tags?post=120889"}],"curies":[{"name":"wp","href":"https:\/\/api.w.org\/{rel}","templated":true}]}}