{"id":119755,"date":"2019-05-24T11:54:40","date_gmt":"2019-05-24T09:54:40","guid":{"rendered":"https:\/\/cyclingpro.net\/velopro\/?p=119755"},"modified":"2019-05-24T11:54:40","modified_gmt":"2019-05-24T09:54:40","slug":"simon-yates-je-suis-calme-il-reste-encore-beaucoup-detapes-tres-dures","status":"publish","type":"post","link":"https:\/\/cyclingpro.net\/velopro\/course\/giro-ditalia-tour-italie\/simon-yates-je-suis-calme-il-reste-encore-beaucoup-detapes-tres-dures\/","title":{"rendered":"Simon Yates : \u00ab Je suis calme, il reste encore beaucoup d&rsquo;\u00e9tapes tr\u00e8s dures \u00bb"},"content":{"rendered":"<p style=\"text-align: justify;\">Simon Yates pr\u00eat \u00e0 batailler en montagne. Apr\u00e8s sa contre-performance sur le chrono de Saint-Marin, le Britannique accuse 3&rsquo;46\u00a0\u00bb de retard sur Primoz Roglic, le mieux class\u00e9 des favoris. Un d\u00e9bours qui ne semblait pas l&rsquo;inqui\u00e9ter outre mesure, comme il nous l&rsquo;a confi\u00e9 ce vendredi matin, dans l&rsquo;aire de d\u00e9part de la 13e \u00e9tape.<\/p>\n<p style=\"text-align: justify;\">\u00ab <em>Je suis calme, il reste encore beaucoup d&rsquo;\u00e9tapes tr\u00e8s dures<\/em>, temp\u00e8re le vainqueur de la derni\u00e8re Vuelta.<em> Je suis content d&rsquo;arriver enfin dans les montagnes. Une journ\u00e9e difficile nous attend. Mes sensations sont bonnes. Hier, j&rsquo;\u00e9tais avec le bon groupe de favoris. Tout le monde avait l&rsquo;air fort, cela promet une course agressive. Je pense que beaucoup de coureurs vont essayer. Je ne connais le dernier col que par son profil. Cela me pla\u00eet, de toute fa\u00e7on j&rsquo;aime toutes les montagnes!<\/em> \u00bb<\/p>\n<p><strong>L&rsquo;int\u00e9gralit\u00e9 de sa r\u00e9action avant-course (en anglais) est \u00e0 \u00e9couter ci-dessous:\u00a0<\/strong><\/p>\n<p><span class=\"oEu37zkSwgNVZaWhjmRKF0RyL14OCKIYQzJTaquZ9scfkW6ljeXJvQtIiXCxodsN2vTHnxi90pn\"><iframe loading=\"lazy\" title=\"Simon Yates - Interview at the start - stage 13 - Giro d&#039;Italia \/ Tour of Italy 2019\" width=\"500\" height=\"281\" src=\"https:\/\/www.youtube.com\/embed\/LFSipXSlfOI?feature=oembed\" frameborder=\"0\" allow=\"accelerometer; autoplay; clipboard-write; encrypted-media; gyroscope; picture-in-picture; web-share\" referrerpolicy=\"strict-origin-when-cross-origin\" allowfullscreen><\/iframe><\/span><\/p>\n","protected":false},"excerpt":{"rendered":"<p>Simon Yates pr\u00eat \u00e0 batailler en montagne. Apr\u00e8s sa contre-performance sur le chrono de Saint-Marin, le Britannique accuse 3&rsquo;46\u00a0\u00bb de retard sur Primoz Roglic, le mieux class\u00e9 des favoris. Un d\u00e9bours qui ne semblait pas l&rsquo;inqui\u00e9ter outre mesure, comme il nous l&rsquo;a confi\u00e9 ce vendredi matin, dans l&rsquo;aire de d\u00e9part de la 13e \u00e9tape. \u00ab &hellip;<\/p>\n","protected":false},"author":15,"featured_media":118511,"comment_status":"open","ping_status":"open","sticky":false,"template":"","format":"standard","meta":{"footnotes":""},"categories":[11,58,8,15,18,19,28],"tags":[],"class_list":["post-119755","post","type-post","status-publish","format-standard","has-post-thumbnail","hentry","category-news-niveau-2","category-giro-ditalia-tour-italie","category-interviews","category-route","category-videos","category-worldtour","category-course"],"_links":{"self":[{"href":"https:\/\/cyclingpro.net\/velopro\/wp-json\/wp\/v2\/posts\/119755","targetHints":{"allow":["GET"]}}],"collection":[{"href":"https:\/\/cyclingpro.net\/velopro\/wp-json\/wp\/v2\/posts"}],"about":[{"href":"https:\/\/cyclingpro.net\/velopro\/wp-json\/wp\/v2\/types\/post"}],"author":[{"embeddable":true,"href":"https:\/\/cyclingpro.net\/velopro\/wp-json\/wp\/v2\/users\/15"}],"replies":[{"embeddable":true,"href":"https:\/\/cyclingpro.net\/velopro\/wp-json\/wp\/v2\/comments?post=119755"}],"version-history":[{"count":1,"href":"https:\/\/cyclingpro.net\/velopro\/wp-json\/wp\/v2\/posts\/119755\/revisions"}],"predecessor-version":[{"id":119764,"href":"https:\/\/cyclingpro.net\/velopro\/wp-json\/wp\/v2\/posts\/119755\/revisions\/119764"}],"wp:featuredmedia":[{"embeddable":true,"href":"https:\/\/cyclingpro.net\/velopro\/wp-json\/wp\/v2\/media\/118511"}],"wp:attachment":[{"href":"https:\/\/cyclingpro.net\/velopro\/wp-json\/wp\/v2\/media?parent=119755"}],"wp:term":[{"taxonomy":"category","embeddable":true,"href":"https:\/\/cyclingpro.net\/velopro\/wp-json\/wp\/v2\/categories?post=119755"},{"taxonomy":"post_tag","embeddable":true,"href":"https:\/\/cyclingpro.net\/velopro\/wp-json\/wp\/v2\/tags?post=119755"}],"curies":[{"name":"wp","href":"https:\/\/api.w.org\/{rel}","templated":true}]}}