{"id":119711,"date":"2019-05-24T09:39:44","date_gmt":"2019-05-24T07:39:44","guid":{"rendered":"https:\/\/cyclingpro.net\/velopro\/?p=119711"},"modified":"2019-05-24T09:39:44","modified_gmt":"2019-05-24T07:39:44","slug":"tour-du-japon-chris-harper-fait-coup-double-au-sommet-du-mont-fuji","status":"publish","type":"post","link":"https:\/\/cyclingpro.net\/velopro\/course\/tour-du-japon\/tour-du-japon-chris-harper-fait-coup-double-au-sommet-du-mont-fuji\/","title":{"rendered":"Tour du Japon : Chris Harper fait coup double au sommet du Mont Fuji"},"content":{"rendered":"<p style=\"text-align: justify;\">Une \u00e9tape courte, mais tr\u00e8s intense. Cette nuit, la sixi\u00e8me \u00e9tape du Tour du Japon proposait une arriv\u00e9e au sommet du Mont Fuji (11,6km \u00e0 10%) apr\u00e8s seulement 36 kilom\u00e8tres de course. Une v\u00e9ritable course de c\u00f4te remport\u00e9e par l&rsquo;Australien Chris Harper (Team BridgeLane) en 1h22&rsquo;24\u00a0\u00bb. A 24 ans, ce dernier signe, en solitaire, la deuxi\u00e8me victoire de sa carri\u00e8re et s&#8217;empare de la t\u00eate du classement g\u00e9n\u00e9ral. Sur la ligne, il a devanc\u00e9 l&rsquo;Erythr\u00e9en Metkel Eyob (Terengganu Cycling Team) de 28 secondes et Benjamin Prades (Team UKYO) de 43 unit\u00e9s. Leader du g\u00e9n\u00e9ral au d\u00e9part de l&rsquo;\u00e9tape, Benjamin Hill (Ljubljana Gusto Santic) a termin\u00e9 \u00e0 6&rsquo;11\u00a0\u00bb du vainqueur.<\/p>\n<blockquote class=\"twitter-tweet\" data-lang=\"fr\">\n<p dir=\"ltr\" lang=\"ja\">\u672c\u65e5\u3001TOJ\u306e\u30af\u30a4\u30fc\u30f3\u30b9\u30c6\u30fc\u30b8\u300c\u5bcc\u58eb\u5c71\u30b9\u30c6\u30fc\u30b8\u300d\u304c\u884c\u308f\u308c\u3001\u30d7\u30e9\u30c7\u30b9\u304c\u5148\u982d\u304b\u308943\u79d2\u5dee\u306e3\u4f4d\u3067\u30d5\u30a3\u30cb\u30c3\u30b7\u30e5\u3057\u307e\u3057\u305f\uff01\u3053\u306e\u7d50\u679c\u3001\u500b\u4eba\u7dcf\u54082\u4f4d\u306b\u8e8d\u308a\u51fa\u3066\u3001\u660e\u65e5\u306e\u4f0a\u8c46\u30b9\u30c6\u30fc\u30b8\u3092\u8fce\u3048\u308b\u4e8b\u3068\u306a\u308a\u307e\u3057\u305f\u3002\u30af\u30ec\u30c0\u30fc\u306f\u30dd\u30a4\u30f3\u30c8\u30b8\u30e3\u30fc\u30b8\u3092\u30ad\u30fc\u30d7\u3057\u3066\u3044\u307e\u3059\u3002\u3042\u30682\u65e5\u3001\u5fdc\u63f4\u3092\u3088\u308d\u3057\u304f\u304a\u9858\u3044\u3057\u307e\u3059\uff01 <a href=\"https:\/\/t.co\/nDBZ222wre\">pic.twitter.com\/nDBZ222wre<\/a><\/p>\n<p>\u2014 Team UKYO (@Team_UKYO) <a href=\"https:\/\/twitter.com\/Team_UKYO\/status\/1131787798271238145?ref_src=twsrc%5Etfw\">24 mai 2019<\/a><\/p><\/blockquote>\n<p><script async src=\"https:\/\/platform.twitter.com\/widgets.js\" charset=\"utf-8\"><\/script><\/p>\n","protected":false},"excerpt":{"rendered":"<p>Une \u00e9tape courte, mais tr\u00e8s intense. Cette nuit, la sixi\u00e8me \u00e9tape du Tour du Japon proposait une arriv\u00e9e au sommet du Mont Fuji (11,6km \u00e0 10%) apr\u00e8s seulement 36 kilom\u00e8tres de course. Une v\u00e9ritable course de c\u00f4te remport\u00e9e par l&rsquo;Australien Chris Harper (Team BridgeLane) en 1h22&rsquo;24\u00a0\u00bb. A 24 ans, ce dernier signe, en solitaire, la &hellip;<\/p>\n","protected":false},"author":15,"featured_media":119712,"comment_status":"open","ping_status":"open","sticky":false,"template":"","format":"standard","meta":{"footnotes":""},"categories":[11,14,15,267,28],"tags":[],"class_list":["post-119711","post","type-post","status-publish","format-standard","has-post-thumbnail","hentry","category-news-niveau-2","category-resultats","category-route","category-tour-du-japon","category-course"],"_links":{"self":[{"href":"https:\/\/cyclingpro.net\/velopro\/wp-json\/wp\/v2\/posts\/119711","targetHints":{"allow":["GET"]}}],"collection":[{"href":"https:\/\/cyclingpro.net\/velopro\/wp-json\/wp\/v2\/posts"}],"about":[{"href":"https:\/\/cyclingpro.net\/velopro\/wp-json\/wp\/v2\/types\/post"}],"author":[{"embeddable":true,"href":"https:\/\/cyclingpro.net\/velopro\/wp-json\/wp\/v2\/users\/15"}],"replies":[{"embeddable":true,"href":"https:\/\/cyclingpro.net\/velopro\/wp-json\/wp\/v2\/comments?post=119711"}],"version-history":[{"count":3,"href":"https:\/\/cyclingpro.net\/velopro\/wp-json\/wp\/v2\/posts\/119711\/revisions"}],"predecessor-version":[{"id":119715,"href":"https:\/\/cyclingpro.net\/velopro\/wp-json\/wp\/v2\/posts\/119711\/revisions\/119715"}],"wp:featuredmedia":[{"embeddable":true,"href":"https:\/\/cyclingpro.net\/velopro\/wp-json\/wp\/v2\/media\/119712"}],"wp:attachment":[{"href":"https:\/\/cyclingpro.net\/velopro\/wp-json\/wp\/v2\/media?parent=119711"}],"wp:term":[{"taxonomy":"category","embeddable":true,"href":"https:\/\/cyclingpro.net\/velopro\/wp-json\/wp\/v2\/categories?post=119711"},{"taxonomy":"post_tag","embeddable":true,"href":"https:\/\/cyclingpro.net\/velopro\/wp-json\/wp\/v2\/tags?post=119711"}],"curies":[{"name":"wp","href":"https:\/\/api.w.org\/{rel}","templated":true}]}}