{"id":119413,"date":"2019-05-22T14:56:48","date_gmt":"2019-05-22T12:56:48","guid":{"rendered":"https:\/\/cyclingpro.net\/velopro\/?p=119413"},"modified":"2019-05-22T14:56:48","modified_gmt":"2019-05-22T12:56:48","slug":"tour-de-lain-vital-concept-compte-sur-rolland","status":"publish","type":"post","link":"https:\/\/cyclingpro.net\/velopro\/course\/tour-de-lain\/tour-de-lain-vital-concept-compte-sur-rolland\/","title":{"rendered":"Tour de l&rsquo;Ain : Vital Concept compte sur Rolland"},"content":{"rendered":"<p style=\"text-align: justify;\">Pierre Rolland sera le principal atout de Vital Concept &#8211; B&amp;B Hotel sur le Tour de l&rsquo;Ain, qui d\u00e9bute vendredi. De retour de blessure au d\u00e9but du mois, il vient de terminer 6e du Tour d&rsquo;Aragon, et semble en bonne condition. Sur un parcours montagneux, avec notamment une arriv\u00e9e au sommet du col du Grand-Colombier, il devrait avoir son mot \u00e0 dire et peut alors esp\u00e9rer un bon classement g\u00e9n\u00e9ral. Pour cela, il sera notamment assist\u00e9 de Quentin Pacher, qui pourra \u00e9galement jouer sa carte lors de la deuxi\u00e8me \u00e9tape arrivant au sommet du col de la Faucille. Enfin, Yoann Bagot sera le dernier grimpeur de cette \u00e9quipe.<\/p>\n<p style=\"text-align: justify;\">Mais la formation bretonne pourra aussi compter sur son sprinteur Lorenzo Manzin, tr\u00e8s en forme (vainqueur du Tour de Bretagne), et qui fera figure de favori sur la premi\u00e8re \u00e9tape arrivant \u00e0 Saint-Vulbas. Justin Mottier et Arnaud Courteille compl\u00e8tent cette s\u00e9lection, et seront charg\u00e9s de contr\u00f4ler la course.<\/p>\n<blockquote class=\"twitter-tweet\" data-lang=\"fr\">\n<p dir=\"ltr\" lang=\"fr\">Sprinteurs, grimpeurs, trois \u00e9tapes pour mener les <a href=\"https:\/\/twitter.com\/hashtag\/MenInGlaz?src=hash&amp;ref_src=twsrc%5Etfw\">#MenInGlaz<\/a> au sommet sur le <a href=\"https:\/\/twitter.com\/tourdelain?ref_src=twsrc%5Etfw\">@tourdelain<\/a> ! &#x1f4aa;<\/p>\n<p>&#x1f4fa; \u00c0 suivre d\u00e8s vendredi sur <a href=\"https:\/\/twitter.com\/Eurosport_FR?ref_src=twsrc%5Etfw\">@Eurosport_FR<\/a> et <a href=\"https:\/\/twitter.com\/F3Rhone_Alpes?ref_src=twsrc%5Etfw\">@F3Rhone_Alpes<\/a>.<\/p>\n<p>&#x270f; <a href=\"https:\/\/twitter.com\/FRJ_photo?ref_src=twsrc%5Etfw\">@FRJ_photo<\/a> <a href=\"https:\/\/twitter.com\/hashtag\/TourDeLAin?src=hash&amp;ref_src=twsrc%5Etfw\">#TourDeLAin<\/a> l <a href=\"https:\/\/twitter.com\/hashtag\/ThereIsNoTry?src=hash&amp;ref_src=twsrc%5Etfw\">#ThereIsNoTry<\/a> <a href=\"https:\/\/t.co\/em2lbY95eK\">pic.twitter.com\/em2lbY95eK<\/a><\/p>\n<p>\u2014 VITAL CONCEPT &#8211; B&amp;B HOTELS (@VitalConcept_BB) <a href=\"https:\/\/twitter.com\/VitalConcept_BB\/status\/1131164964931158016?ref_src=twsrc%5Etfw\">22 mai 2019<\/a><\/p><\/blockquote>\n<p><script async src=\"https:\/\/platform.twitter.com\/widgets.js\" charset=\"utf-8\"><\/script><\/p>\n","protected":false},"excerpt":{"rendered":"<p>Pierre Rolland sera le principal atout de Vital Concept &#8211; B&amp;B Hotel sur le Tour de l&rsquo;Ain, qui d\u00e9bute vendredi. De retour de blessure au d\u00e9but du mois, il vient de terminer 6e du Tour d&rsquo;Aragon, et semble en bonne condition. Sur un parcours montagneux, avec notamment une arriv\u00e9e au sommet du col du Grand-Colombier, &hellip;<\/p>\n","protected":false},"author":11,"featured_media":105572,"comment_status":"open","ping_status":"open","sticky":false,"template":"","format":"standard","meta":{"footnotes":""},"categories":[11,26,15,145],"tags":[],"class_list":["post-119413","post","type-post","status-publish","format-standard","has-post-thumbnail","hentry","category-news-niveau-2","category-compositions","category-route","category-tour-de-lain"],"_links":{"self":[{"href":"https:\/\/cyclingpro.net\/velopro\/wp-json\/wp\/v2\/posts\/119413","targetHints":{"allow":["GET"]}}],"collection":[{"href":"https:\/\/cyclingpro.net\/velopro\/wp-json\/wp\/v2\/posts"}],"about":[{"href":"https:\/\/cyclingpro.net\/velopro\/wp-json\/wp\/v2\/types\/post"}],"author":[{"embeddable":true,"href":"https:\/\/cyclingpro.net\/velopro\/wp-json\/wp\/v2\/users\/11"}],"replies":[{"embeddable":true,"href":"https:\/\/cyclingpro.net\/velopro\/wp-json\/wp\/v2\/comments?post=119413"}],"version-history":[{"count":3,"href":"https:\/\/cyclingpro.net\/velopro\/wp-json\/wp\/v2\/posts\/119413\/revisions"}],"predecessor-version":[{"id":119417,"href":"https:\/\/cyclingpro.net\/velopro\/wp-json\/wp\/v2\/posts\/119413\/revisions\/119417"}],"wp:featuredmedia":[{"embeddable":true,"href":"https:\/\/cyclingpro.net\/velopro\/wp-json\/wp\/v2\/media\/105572"}],"wp:attachment":[{"href":"https:\/\/cyclingpro.net\/velopro\/wp-json\/wp\/v2\/media?parent=119413"}],"wp:term":[{"taxonomy":"category","embeddable":true,"href":"https:\/\/cyclingpro.net\/velopro\/wp-json\/wp\/v2\/categories?post=119413"},{"taxonomy":"post_tag","embeddable":true,"href":"https:\/\/cyclingpro.net\/velopro\/wp-json\/wp\/v2\/tags?post=119413"}],"curies":[{"name":"wp","href":"https:\/\/api.w.org\/{rel}","templated":true}]}}