{"id":119377,"date":"2019-05-22T12:26:13","date_gmt":"2019-05-22T10:26:13","guid":{"rendered":"https:\/\/cyclingpro.net\/velopro\/?p=119377"},"modified":"2019-05-22T12:26:13","modified_gmt":"2019-05-22T10:26:13","slug":"pascal-ackermann-ce-sera-difficile-de-conserver-le-maillot-aujourdhui","status":"publish","type":"post","link":"https:\/\/cyclingpro.net\/velopro\/course\/giro-ditalia-tour-italie\/pascal-ackermann-ce-sera-difficile-de-conserver-le-maillot-aujourdhui\/","title":{"rendered":"Pascal Ackermann : \u00ab Ce sera difficile de conserver le maillot aujourd&rsquo;hui \u00bb"},"content":{"rendered":"<p style=\"text-align: justify;\">Recouvert de larges bandages sur le bras droit, l&rsquo;allemand s&rsquo;appr\u00eate \u00e0 prendre le d\u00e9part de la onzi\u00e8me \u00e9tape du Giro. D\u00e9j\u00e0 vainqueur de deux \u00e9tapes sur cette 102e \u00e9dition, il n&rsquo;a pas pu se m\u00ealer \u00e0 la bagarre \u00e0 cause de la grosse chute dans le final. S\u00e9v\u00e8rement touch\u00e9, il s&rsquo;attend \u00e0 vivre une journ\u00e9e compliqu\u00e9e.<\/p>\n<p style=\"text-align: justify;\">\u00ab <em>Je n&rsquo;avais jamais perdu autant de peau<\/em> \u00bb s&rsquo;amuse-t-il, avant de retrouver son s\u00e9rieux et d&rsquo;\u00e9voquer l&rsquo;\u00e9tape du jour. \u00ab <em>Je vais essayer de faire de mon mieux aujourd&rsquo;hui, mais je ne sais pas \u00e0 quoi m&rsquo;attendre, hormis que ce sera compliqu\u00e9 pour moi. Concernant le maillot cyclamen, je pense qu&rsquo;il sera difficile \u00e0 conserver, mais il faut essayer.<\/em> \u00bb<\/p>\n<p><span class=\"bplERrfu31SwL8NMO7DqQx9CVU4oXIYdnjFk2\"><iframe loading=\"lazy\" title=\"Pascal Ackermann - Interview at the start - Stage 11 - Giro d&#039;Italia \/ Tour of Italy 2019\" width=\"500\" height=\"281\" src=\"https:\/\/www.youtube.com\/embed\/19R2y8vRO6E?feature=oembed\" frameborder=\"0\" allow=\"accelerometer; autoplay; clipboard-write; encrypted-media; gyroscope; picture-in-picture; web-share\" referrerpolicy=\"strict-origin-when-cross-origin\" allowfullscreen><\/iframe><\/span><\/p>\n","protected":false},"excerpt":{"rendered":"<p>Recouvert de larges bandages sur le bras droit, l&rsquo;allemand s&rsquo;appr\u00eate \u00e0 prendre le d\u00e9part de la onzi\u00e8me \u00e9tape du Giro. D\u00e9j\u00e0 vainqueur de deux \u00e9tapes sur cette 102e \u00e9dition, il n&rsquo;a pas pu se m\u00ealer \u00e0 la bagarre \u00e0 cause de la grosse chute dans le final. S\u00e9v\u00e8rement touch\u00e9, il s&rsquo;attend \u00e0 vivre une journ\u00e9e &hellip;<\/p>\n","protected":false},"author":11,"featured_media":119315,"comment_status":"open","ping_status":"open","sticky":false,"template":"","format":"standard","meta":{"footnotes":""},"categories":[17,58,8,15,18,19],"tags":[],"class_list":["post-119377","post","type-post","status-publish","format-standard","has-post-thumbnail","hentry","category-une","category-giro-ditalia-tour-italie","category-interviews","category-route","category-videos","category-worldtour"],"_links":{"self":[{"href":"https:\/\/cyclingpro.net\/velopro\/wp-json\/wp\/v2\/posts\/119377","targetHints":{"allow":["GET"]}}],"collection":[{"href":"https:\/\/cyclingpro.net\/velopro\/wp-json\/wp\/v2\/posts"}],"about":[{"href":"https:\/\/cyclingpro.net\/velopro\/wp-json\/wp\/v2\/types\/post"}],"author":[{"embeddable":true,"href":"https:\/\/cyclingpro.net\/velopro\/wp-json\/wp\/v2\/users\/11"}],"replies":[{"embeddable":true,"href":"https:\/\/cyclingpro.net\/velopro\/wp-json\/wp\/v2\/comments?post=119377"}],"version-history":[{"count":2,"href":"https:\/\/cyclingpro.net\/velopro\/wp-json\/wp\/v2\/posts\/119377\/revisions"}],"predecessor-version":[{"id":119382,"href":"https:\/\/cyclingpro.net\/velopro\/wp-json\/wp\/v2\/posts\/119377\/revisions\/119382"}],"wp:featuredmedia":[{"embeddable":true,"href":"https:\/\/cyclingpro.net\/velopro\/wp-json\/wp\/v2\/media\/119315"}],"wp:attachment":[{"href":"https:\/\/cyclingpro.net\/velopro\/wp-json\/wp\/v2\/media?parent=119377"}],"wp:term":[{"taxonomy":"category","embeddable":true,"href":"https:\/\/cyclingpro.net\/velopro\/wp-json\/wp\/v2\/categories?post=119377"},{"taxonomy":"post_tag","embeddable":true,"href":"https:\/\/cyclingpro.net\/velopro\/wp-json\/wp\/v2\/tags?post=119377"}],"curies":[{"name":"wp","href":"https:\/\/api.w.org\/{rel}","templated":true}]}}