{"id":119232,"date":"2019-05-21T16:05:42","date_gmt":"2019-05-21T14:05:42","guid":{"rendered":"https:\/\/cyclingpro.net\/velopro\/?p=119232"},"modified":"2019-05-21T16:06:47","modified_gmt":"2019-05-21T14:06:47","slug":"mauro-vegni-il-y-a-60-de-chances-de-pouvoir-monter-le-gavia","status":"publish","type":"post","link":"https:\/\/cyclingpro.net\/velopro\/course\/giro-ditalia-tour-italie\/mauro-vegni-il-y-a-60-de-chances-de-pouvoir-monter-le-gavia\/","title":{"rendered":"Mauro Vegni : \u00ab Il y a 60% de chances de pouvoir monter le Gavia \u00bb"},"content":{"rendered":"<p style=\"text-align: justify;\">Mauro Vegni se veut rassurant. Malgr\u00e9 de nouvelles chutes de neige\u00a0importantes ce lundi, le directeur du Giro a annonc\u00e9 qu&rsquo;il y avait 60% de chances que l&rsquo;ascension du Passo Gavia soit maintenue au programme de la 16e \u00e9tape. Il faudra pour cela esp\u00e9rer que les pr\u00e9cipitations cessent. Dans le cas contraire, un itin\u00e9raire de rechange est d&rsquo;ores et d\u00e9j\u00e0 pr\u00e9vu.<\/p>\n<h6><strong><a href=\"https:\/\/cyclingpro.net\/velopro\/course\/giro-ditalia-tour-italie\/mauro-vegni-confiant-pour-larrivee-au-lago-serru-et-lascension-du-passo-gavia\/\">Lire aussi &gt; Mauro Vegni \u00ab confiant \u00bb pour l\u2019arriv\u00e9e au Lago Serr\u00f9 et l\u2019ascension du Passo Gavia<\/a><\/strong><\/h6>\n<p style=\"text-align: justify;\">\u00ab <em>Pour le moment, il y a 60% de chances de pouvoir monter le Gavia<\/em>, a annonc\u00e9 le directeur de course \u00e0 ANSA. <em>Si le temps reste favorable, nous sommes certains que le parcours sera inchang\u00e9. Sinon, nous avons un itin\u00e9raire alternatif qui n&rsquo;implique pas deux mont\u00e9es du Mortirolo. L&rsquo;\u00e9tape ne serait alors peut-\u00eatre pas aussi fascinante qu&rsquo;avec le Gavia, mais elle serait tout aussi dure.<\/em> \u00bb<\/p>\n<blockquote class=\"twitter-tweet\" data-lang=\"fr\">\n<p dir=\"ltr\" lang=\"en\">Mauro Vegni: \u00ab\u00a0As things stand today, there is a 60% chance of being able to ride the Gavia. If the weather remains favourable, we are certain that the stage will be unchanged. Otherwise, we have an alternative route which does not involve two climbs of the Moritirolo.\u00a0\u00bb <a href=\"https:\/\/twitter.com\/hashtag\/Giro?src=hash&amp;ref_src=twsrc%5Etfw\">#Giro<\/a><\/p>\n<p>\u2014 Giro d&rsquo;Italia (@giroditalia) <a href=\"https:\/\/twitter.com\/giroditalia\/status\/1130827546533277696?ref_src=twsrc%5Etfw\">21 mai 2019<\/a><\/p><\/blockquote>\n<p><script async src=\"https:\/\/platform.twitter.com\/widgets.js\" charset=\"utf-8\"><\/script><\/p>\n","protected":false},"excerpt":{"rendered":"<p>Mauro Vegni se veut rassurant. Malgr\u00e9 de nouvelles chutes de neige\u00a0importantes ce lundi, le directeur du Giro a annonc\u00e9 qu&rsquo;il y avait 60% de chances que l&rsquo;ascension du Passo Gavia soit maintenue au programme de la 16e \u00e9tape. Il faudra pour cela esp\u00e9rer que les pr\u00e9cipitations cessent. Dans le cas contraire, un itin\u00e9raire de rechange &hellip;<\/p>\n","protected":false},"author":15,"featured_media":47959,"comment_status":"open","ping_status":"open","sticky":false,"template":"","format":"standard","meta":{"footnotes":""},"categories":[11,58,25,15,19,28],"tags":[],"class_list":["post-119232","post","type-post","status-publish","format-standard","has-post-thumbnail","hentry","category-news-niveau-2","category-giro-ditalia-tour-italie","category-news","category-route","category-worldtour","category-course"],"_links":{"self":[{"href":"https:\/\/cyclingpro.net\/velopro\/wp-json\/wp\/v2\/posts\/119232","targetHints":{"allow":["GET"]}}],"collection":[{"href":"https:\/\/cyclingpro.net\/velopro\/wp-json\/wp\/v2\/posts"}],"about":[{"href":"https:\/\/cyclingpro.net\/velopro\/wp-json\/wp\/v2\/types\/post"}],"author":[{"embeddable":true,"href":"https:\/\/cyclingpro.net\/velopro\/wp-json\/wp\/v2\/users\/15"}],"replies":[{"embeddable":true,"href":"https:\/\/cyclingpro.net\/velopro\/wp-json\/wp\/v2\/comments?post=119232"}],"version-history":[{"count":2,"href":"https:\/\/cyclingpro.net\/velopro\/wp-json\/wp\/v2\/posts\/119232\/revisions"}],"predecessor-version":[{"id":119240,"href":"https:\/\/cyclingpro.net\/velopro\/wp-json\/wp\/v2\/posts\/119232\/revisions\/119240"}],"wp:featuredmedia":[{"embeddable":true,"href":"https:\/\/cyclingpro.net\/velopro\/wp-json\/wp\/v2\/media\/47959"}],"wp:attachment":[{"href":"https:\/\/cyclingpro.net\/velopro\/wp-json\/wp\/v2\/media?parent=119232"}],"wp:term":[{"taxonomy":"category","embeddable":true,"href":"https:\/\/cyclingpro.net\/velopro\/wp-json\/wp\/v2\/categories?post=119232"},{"taxonomy":"post_tag","embeddable":true,"href":"https:\/\/cyclingpro.net\/velopro\/wp-json\/wp\/v2\/tags?post=119232"}],"curies":[{"name":"wp","href":"https:\/\/api.w.org\/{rel}","templated":true}]}}