{"id":118919,"date":"2019-05-18T18:24:47","date_gmt":"2019-05-18T16:24:47","guid":{"rendered":"https:\/\/cyclingpro.net\/velopro\/?p=118919"},"modified":"2019-05-18T19:16:54","modified_gmt":"2019-05-18T17:16:54","slug":"caleb-ewan-chaque-jour-sans-victoire-majoutait-de-la-pression","status":"publish","type":"post","link":"https:\/\/cyclingpro.net\/velopro\/course\/giro-ditalia-tour-italie\/caleb-ewan-chaque-jour-sans-victoire-majoutait-de-la-pression\/","title":{"rendered":"Caleb Ewan : \u00ab Chaque jour sans victoire m&rsquo;ajoutait de la pression \u00bb"},"content":{"rendered":"<p style=\"text-align: justify;\">Caleb Ewan tient enfin son succ\u00e8s. Il faut dire que le sprinteur de poche de la Lotto Soudal tournait autour depuis le d\u00e9part du Giro. Troisi\u00e8me \u00e0 Fucecchio, deuxi\u00e8me \u00e0 Frascati, quatri\u00e8me \u00e0 Terracina, l&rsquo;Asutralien a enfin pu lever les bras \u00e0 Pesaro, ce samedi, \u00e0 l&rsquo;arriv\u00e9e de la huiti\u00e8me \u00e9tape. Apr\u00e8s l&rsquo;excellent travail de son \u00e9quipe tout au long de la deuxi\u00e8me partie de course, il a bien n\u00e9goci\u00e9 le dernier virage plac\u00e9 \u00e0 200 m\u00e8tres du but et a pu dominer Elia Viviani et Pascal Ackermann sur une pointe. A en voir sa c\u00e9l\u00e9bration sur la ligne, c&rsquo;\u00e9tait un sacr\u00e9 soulagement.<\/p>\n<h6><strong><a href=\"https:\/\/cyclingpro.net\/velopro\/course\/giro-ditalia-tour-italie\/arnaud-demare-il-ma-manque-un-grain-de-folie-pour-rivaliser\/\">Lire aussi &gt; Arnaud D\u00e9mare : \u00ab Il m\u2019a manqu\u00e9 un grain de folie pour rivaliser \u00bb<\/a><\/strong><\/h6>\n<p style=\"text-align: justify;\">\u00ab <em>Il fallait arriver dans le dernier virage en esp\u00e9rant que les gars devant jugent bien leur vitesse. C&rsquo;\u00e9tait si proche de l&rsquo;arriv\u00e9e&#8230; Il ne fallait pas perdre les roues. J&rsquo;\u00e9tais \u00e0 fond pour conserver celle d&rsquo;Ackermann. Heureusement, c&rsquo;est pass\u00e9 sans encombre et j&rsquo;ai pu produire mon effort<\/em>, se r\u00e9jouissait Ewan \u00e0 notre micro. <em>Je suis venu ici avec l&rsquo;objectif de remporter une \u00e9tape. Chaque jour sans victoire m&rsquo;ajoutait de la pression, je suis tr\u00e8s heureux de d\u00e9crocher enfin un succ\u00e8s. Tous les jours o\u00f9 il y avait une opportunit\u00e9 de sprint, l&rsquo;\u00e9quipe s&rsquo;est donn\u00e9e \u00e0 100%. Je suis donc tr\u00e8s content de les remercier de leur confiance avec cette victoire.<\/em> \u00bb<\/p>\n<p><strong>L&rsquo;int\u00e9gralit\u00e9 de sa r\u00e9action (en anglais) est \u00e0 \u00e9couter ci-dessous:\u00a0<\/strong><\/p>\n<p><span class=\"mI0Qfx9SZtYeAkrvXPcoBaglTNDsJMj4yWGRK\"><iframe loading=\"lazy\" title=\"Caleb Ewan - Post-race interview - Stage 8 - Giro d&#039;Italia \/ Tour of Italy 2019\" width=\"500\" height=\"281\" src=\"https:\/\/www.youtube.com\/embed\/bCHNNfW8kJc?feature=oembed\" frameborder=\"0\" allow=\"accelerometer; autoplay; clipboard-write; encrypted-media; gyroscope; picture-in-picture; web-share\" referrerpolicy=\"strict-origin-when-cross-origin\" allowfullscreen><\/iframe><\/span><\/p>\n","protected":false},"excerpt":{"rendered":"<p>Caleb Ewan tient enfin son succ\u00e8s. Il faut dire que le sprinteur de poche de la Lotto Soudal tournait autour depuis le d\u00e9part du Giro. Troisi\u00e8me \u00e0 Fucecchio, deuxi\u00e8me \u00e0 Frascati, quatri\u00e8me \u00e0 Terracina, l&rsquo;Asutralien a enfin pu lever les bras \u00e0 Pesaro, ce samedi, \u00e0 l&rsquo;arriv\u00e9e de la huiti\u00e8me \u00e9tape. Apr\u00e8s l&rsquo;excellent travail de &hellip;<\/p>\n","protected":false},"author":15,"featured_media":118921,"comment_status":"open","ping_status":"open","sticky":false,"template":"","format":"standard","meta":{"footnotes":""},"categories":[17,58,8,15,18,19,28],"tags":[],"class_list":["post-118919","post","type-post","status-publish","format-standard","has-post-thumbnail","hentry","category-une","category-giro-ditalia-tour-italie","category-interviews","category-route","category-videos","category-worldtour","category-course"],"_links":{"self":[{"href":"https:\/\/cyclingpro.net\/velopro\/wp-json\/wp\/v2\/posts\/118919","targetHints":{"allow":["GET"]}}],"collection":[{"href":"https:\/\/cyclingpro.net\/velopro\/wp-json\/wp\/v2\/posts"}],"about":[{"href":"https:\/\/cyclingpro.net\/velopro\/wp-json\/wp\/v2\/types\/post"}],"author":[{"embeddable":true,"href":"https:\/\/cyclingpro.net\/velopro\/wp-json\/wp\/v2\/users\/15"}],"replies":[{"embeddable":true,"href":"https:\/\/cyclingpro.net\/velopro\/wp-json\/wp\/v2\/comments?post=118919"}],"version-history":[{"count":2,"href":"https:\/\/cyclingpro.net\/velopro\/wp-json\/wp\/v2\/posts\/118919\/revisions"}],"predecessor-version":[{"id":118923,"href":"https:\/\/cyclingpro.net\/velopro\/wp-json\/wp\/v2\/posts\/118919\/revisions\/118923"}],"wp:featuredmedia":[{"embeddable":true,"href":"https:\/\/cyclingpro.net\/velopro\/wp-json\/wp\/v2\/media\/118921"}],"wp:attachment":[{"href":"https:\/\/cyclingpro.net\/velopro\/wp-json\/wp\/v2\/media?parent=118919"}],"wp:term":[{"taxonomy":"category","embeddable":true,"href":"https:\/\/cyclingpro.net\/velopro\/wp-json\/wp\/v2\/categories?post=118919"},{"taxonomy":"post_tag","embeddable":true,"href":"https:\/\/cyclingpro.net\/velopro\/wp-json\/wp\/v2\/tags?post=118919"}],"curies":[{"name":"wp","href":"https:\/\/api.w.org\/{rel}","templated":true}]}}