{"id":118706,"date":"2019-05-18T11:03:12","date_gmt":"2019-05-18T09:03:12","guid":{"rendered":"https:\/\/cyclingpro.net\/velopro\/?p=118706"},"modified":"2019-05-18T11:04:26","modified_gmt":"2019-05-18T09:04:26","slug":"pierre-latour-de-retour-au-grand-prix-de-plumelec","status":"publish","type":"post","link":"https:\/\/cyclingpro.net\/velopro\/course\/grand-prix-de-plumelec\/pierre-latour-de-retour-au-grand-prix-de-plumelec\/","title":{"rendered":"Pierre Latour de retour au Grand Prix de Plumelec"},"content":{"rendered":"<p style=\"text-align: justify;\">Pierre Latour ne sera pas au d\u00e9part du Tour de l&rsquo;Ain, comme le pr\u00e9voyait son programme initial. Victime d&rsquo;une fracture du scapho\u00efde de son poignet gauche \u00e0 l&rsquo;entra\u00eenement le 22 f\u00e9vrier, le meilleur jeune du Tour de France 2018 reprendra en fait au Grand Prix de Plumelec, le 1er juin. Il devrait ensuite encha\u00eener avec les Boucles de l&rsquo;Aulne, le lendemain, puis avec le Tour de Suisse, du 15 au 23 juin. Depuis le d\u00e9but de saison, Latour n&rsquo;a disput\u00e9 que sept jours de course, sur le Tour Down Under (32e) puis la Cadel Evans Road Race (27e). Il devra donc rapidement monter en puissance pour aider Romain Bardet sur le Tour, \u00e0 partir du 6 juillet.<\/p>\n<blockquote class=\"twitter-tweet\" data-lang=\"fr\">\n<p dir=\"ltr\" lang=\"fr\">En&#x1f1ea;&#x1f1f8;, on peut :<\/p>\n<p>&#x2705; Prendre le &#x1f31e;<br \/>\n&#x2705; Se baigner &#x1f3ca;&#x200d;&#x2642;<br \/>\n&#x2705; Manger des Tapas &#x1f372;&#x1f483;<\/p>\n<p>&#x274c;&#x1f6ab; Mais en fait non &#x274c;&#x1f6ab;<\/p>\n<p>En &#x1f1ea;&#x1f1f8;, on peut surtout :<br \/>\n&#x2705; BORNER<\/p>\n<p>De retour avec les copains pour 1 stage en Sierra Nevada.<br \/>\n&#x26a0;Reprise comp\u00e9tition&#x26a0;<br \/>\n&#x1f5d3; 1er juin GP Plumelec<br \/>\n&#x1f5d3; 2 juin Boucles de l&rsquo;Aulne <a href=\"https:\/\/t.co\/mUUH7wiSVU\">pic.twitter.com\/mUUH7wiSVU<\/a><\/p>\n<p>\u2014 Latour Pierre (@p_latour) <a href=\"https:\/\/twitter.com\/p_latour\/status\/1129474973716889600?ref_src=twsrc%5Etfw\">17 mai 2019<\/a><\/p><\/blockquote>\n<p><script async src=\"https:\/\/platform.twitter.com\/widgets.js\" charset=\"utf-8\"><\/script><\/p>\n","protected":false},"excerpt":{"rendered":"<p>Pierre Latour ne sera pas au d\u00e9part du Tour de l&rsquo;Ain, comme le pr\u00e9voyait son programme initial. Victime d&rsquo;une fracture du scapho\u00efde de son poignet gauche \u00e0 l&rsquo;entra\u00eenement le 22 f\u00e9vrier, le meilleur jeune du Tour de France 2018 reprendra en fait au Grand Prix de Plumelec, le 1er juin. Il devrait ensuite encha\u00eener avec &hellip;<\/p>\n","protected":false},"author":15,"featured_media":63537,"comment_status":"open","ping_status":"open","sticky":false,"template":"","format":"standard","meta":{"footnotes":""},"categories":[11,122,25,15,28],"tags":[],"class_list":["post-118706","post","type-post","status-publish","format-standard","has-post-thumbnail","hentry","category-news-niveau-2","category-grand-prix-de-plumelec","category-news","category-route","category-course"],"_links":{"self":[{"href":"https:\/\/cyclingpro.net\/velopro\/wp-json\/wp\/v2\/posts\/118706","targetHints":{"allow":["GET"]}}],"collection":[{"href":"https:\/\/cyclingpro.net\/velopro\/wp-json\/wp\/v2\/posts"}],"about":[{"href":"https:\/\/cyclingpro.net\/velopro\/wp-json\/wp\/v2\/types\/post"}],"author":[{"embeddable":true,"href":"https:\/\/cyclingpro.net\/velopro\/wp-json\/wp\/v2\/users\/15"}],"replies":[{"embeddable":true,"href":"https:\/\/cyclingpro.net\/velopro\/wp-json\/wp\/v2\/comments?post=118706"}],"version-history":[{"count":3,"href":"https:\/\/cyclingpro.net\/velopro\/wp-json\/wp\/v2\/posts\/118706\/revisions"}],"predecessor-version":[{"id":118711,"href":"https:\/\/cyclingpro.net\/velopro\/wp-json\/wp\/v2\/posts\/118706\/revisions\/118711"}],"wp:featuredmedia":[{"embeddable":true,"href":"https:\/\/cyclingpro.net\/velopro\/wp-json\/wp\/v2\/media\/63537"}],"wp:attachment":[{"href":"https:\/\/cyclingpro.net\/velopro\/wp-json\/wp\/v2\/media?parent=118706"}],"wp:term":[{"taxonomy":"category","embeddable":true,"href":"https:\/\/cyclingpro.net\/velopro\/wp-json\/wp\/v2\/categories?post=118706"},{"taxonomy":"post_tag","embeddable":true,"href":"https:\/\/cyclingpro.net\/velopro\/wp-json\/wp\/v2\/tags?post=118706"}],"curies":[{"name":"wp","href":"https:\/\/api.w.org\/{rel}","templated":true}]}}