{"id":118702,"date":"2019-05-18T10:50:31","date_gmt":"2019-05-18T08:50:31","guid":{"rendered":"https:\/\/cyclingpro.net\/velopro\/?p=118702"},"modified":"2019-05-18T10:50:31","modified_gmt":"2019-05-18T08:50:31","slug":"bryan-coquard-jai-gagne-en-puncheur","status":"publish","type":"post","link":"https:\/\/cyclingpro.net\/velopro\/course\/quatre-jours-de-dunkerque-grand-prix-des-hauts-de-france\/bryan-coquard-jai-gagne-en-puncheur\/","title":{"rendered":"Bryan Coquard : \u00ab J&rsquo;ai gagn\u00e9 en puncheur \u00bb"},"content":{"rendered":"<p style=\"text-align: justify;\">Bryan Coquard reprend ses bonnes habitudes. Pass\u00e9 \u00e0 c\u00f4t\u00e9 des trois premiers jours de course d&rsquo;une \u00e9preuve qu&rsquo;il appr\u00e9cie, prenant notamment une p\u00e9nalit\u00e9 de trente seconde lors de l&rsquo;\u00e9tape d&rsquo;ouverture, le repr\u00e9sentant du Vital Concept-B&amp;B Hotels a renou\u00e9 avec le succ\u00e8s sur les 4 Jours de Dunkerque. <a href=\"https:\/\/cyclingpro.net\/velopro\/course\/quatre-jours-de-dunkerque-grand-prix-des-hauts-de-france\/4-jours-de-dunkerque-bryan-coquard-simpose-au-terme-dune-course-de-mouvements\/\">Au fil d&rsquo;une course de mouvements tr\u00e8s d\u00e9brid\u00e9e, il a r\u00e9gl\u00e9 un sprint en petit comit\u00e9 au Portel pour remporter la 4e \u00e9tape.<\/a> L&rsquo;occasion de revenir sur son d\u00e9but d&rsquo;\u00e9preuve et ce qu&rsquo;il attendait des deux \u00e9tapes restantes.<\/p>\n<p style=\"text-align: justify;\">\u00ab\u00a0<em>Nous n\u2019avons pas \u00e9t\u00e9 assez bons collectivement pour jouer la gagne ces trois derniers jours,<\/em>\u00a0conc\u00e9dait-il sur le site de son \u00e9quipe.<em>\u00a0J\u2019ai fait un demi-sprint le premier jour et je n\u2019ai pas pu me m\u00ealer \u00e0 la lutte ces deux derniers jours. Aujourd&rsquo;hui (hier), j\u2019ai vu une \u00e9quipe Vital Concept\u2013B&amp;B Hotels tr\u00e8s mobilis\u00e9e autour de moi. L\u2019important \u00e9tait de bien me placer au pied de la principale difficult\u00e9 du circuit afin que cela soit plus facile pour moi. Tout le monde a \u00e9t\u00e9 aux petits soins et c\u2019est une belle journ\u00e9e collective qui se termine. J\u2019ai toujours \u00e9t\u00e9 bien \u00e9paul\u00e9 et j\u2019ai su conclure le travail, diff\u00e9remment de d\u2019habitude, mais quel plaisir\u2026 J\u2019ai gagn\u00e9 en puncheur. J\u2019aime ces circuits avec des difficult\u00e9s courtes, raides, et je savais que ma condition physique \u00e9tait bonne. \u00bb<\/em><\/p>\n<p style=\"text-align: justify;\">Sa victoire le replace \u00e0 34 secondes au g\u00e9n\u00e9ral de Mike Teunissen, le nouveau leader de la course, \u00e0 l&rsquo;aube de l&rsquo;\u00e9tape du Mont Cassel. Si ses chances au g\u00e9n\u00e9ral semblaient envol\u00e9es, Coquard esp\u00e9rait bien r\u00e9ussir un coup ce samedi. \u00ab\u00a0<em>C\u2019est rageant d\u2019avoir pris cette p\u00e9nalit\u00e9 d\u00e8s le premier jour, bien avant le dernier kilom\u00e8tre. Cette sanction a an\u00e9anti mes chances de victoire au g\u00e9n\u00e9ral, mais la course n\u2019est pas finie. Demain, l\u2019\u00e9tape du Mont Cassel me convient bien aussi. L\u2019an pass\u00e9, j\u2019avais d\u00fb abandonner car j\u2019\u00e9tais malade. En 2016, je termine 2e et prends le maillot de leader alors que l\u2019ann\u00e9e pr\u00e9c\u00e9dente, j\u2019y ai perdu la t\u00eate du classement g\u00e9n\u00e9ral. J\u2019ai \u00e0 peu pr\u00e8s tout connu \u00e0 Cassel et j\u2019esp\u00e8re que demain sera une nouvelle journ\u00e9e positive.\u00a0<\/em>\u00bb<\/p>\n<blockquote class=\"twitter-tweet\" data-lang=\"fr\">\n<p dir=\"ltr\" lang=\"fr\">&#x1f5e3; \u00abAujourd\u2019hui, j\u2019ai vu une \u00e9quipe mobilis\u00e9e qui m&rsquo;a bien \u00e9paul\u00e9. J\u2019ai prouv\u00e9 \u00e0 mes co\u00e9quipiers et \u00e0 l\u2019ensemble du club qu\u2019ils avaient eu raison de me faire confiance.\u00bb <a href=\"https:\/\/twitter.com\/bryancoquard?ref_src=twsrc%5Etfw\">@bryancoquard<\/a><\/p>\n<p>&#x1f3c6; R\u00e9sum\u00e9 &amp; r\u00e9actions &#x27a1; <a href=\"https:\/\/t.co\/oAO86VMpu8\">https:\/\/t.co\/oAO86VMpu8<\/a><\/p>\n<p>&#x1f4f8; JM Hecquet.<a href=\"https:\/\/twitter.com\/hashtag\/4JDD?src=hash&amp;ref_src=twsrc%5Etfw\">#4JDD<\/a> l <a href=\"https:\/\/twitter.com\/hashtag\/ThereIsNoTry?src=hash&amp;ref_src=twsrc%5Etfw\">#ThereIsNoTry<\/a> <a href=\"https:\/\/t.co\/eVj5UL5ytQ\">pic.twitter.com\/eVj5UL5ytQ<\/a><\/p>\n<p>\u2014 VITAL CONCEPT &#8211; B&amp;B HOTELS (@VitalConcept_BB) <a href=\"https:\/\/twitter.com\/VitalConcept_BB\/status\/1129440856317075456?ref_src=twsrc%5Etfw\">17 mai 2019<\/a><\/p><\/blockquote>\n<p><script async src=\"https:\/\/platform.twitter.com\/widgets.js\" charset=\"utf-8\"><\/script><\/p>\n","protected":false},"excerpt":{"rendered":"<p>Bryan Coquard reprend ses bonnes habitudes. Pass\u00e9 \u00e0 c\u00f4t\u00e9 des trois premiers jours de course d&rsquo;une \u00e9preuve qu&rsquo;il appr\u00e9cie, prenant notamment une p\u00e9nalit\u00e9 de trente seconde lors de l&rsquo;\u00e9tape d&rsquo;ouverture, le repr\u00e9sentant du Vital Concept-B&amp;B Hotels a renou\u00e9 avec le succ\u00e8s sur les 4 Jours de Dunkerque. Au fil d&rsquo;une course de mouvements tr\u00e8s d\u00e9brid\u00e9e, &hellip;<\/p>\n","protected":false},"author":15,"featured_media":107632,"comment_status":"open","ping_status":"open","sticky":false,"template":"","format":"standard","meta":{"footnotes":""},"categories":[11,108,8,15,28],"tags":[],"class_list":["post-118702","post","type-post","status-publish","format-standard","has-post-thumbnail","hentry","category-news-niveau-2","category-quatre-jours-de-dunkerque-grand-prix-des-hauts-de-france","category-interviews","category-route","category-course"],"_links":{"self":[{"href":"https:\/\/cyclingpro.net\/velopro\/wp-json\/wp\/v2\/posts\/118702","targetHints":{"allow":["GET"]}}],"collection":[{"href":"https:\/\/cyclingpro.net\/velopro\/wp-json\/wp\/v2\/posts"}],"about":[{"href":"https:\/\/cyclingpro.net\/velopro\/wp-json\/wp\/v2\/types\/post"}],"author":[{"embeddable":true,"href":"https:\/\/cyclingpro.net\/velopro\/wp-json\/wp\/v2\/users\/15"}],"replies":[{"embeddable":true,"href":"https:\/\/cyclingpro.net\/velopro\/wp-json\/wp\/v2\/comments?post=118702"}],"version-history":[{"count":3,"href":"https:\/\/cyclingpro.net\/velopro\/wp-json\/wp\/v2\/posts\/118702\/revisions"}],"predecessor-version":[{"id":118705,"href":"https:\/\/cyclingpro.net\/velopro\/wp-json\/wp\/v2\/posts\/118702\/revisions\/118705"}],"wp:featuredmedia":[{"embeddable":true,"href":"https:\/\/cyclingpro.net\/velopro\/wp-json\/wp\/v2\/media\/107632"}],"wp:attachment":[{"href":"https:\/\/cyclingpro.net\/velopro\/wp-json\/wp\/v2\/media?parent=118702"}],"wp:term":[{"taxonomy":"category","embeddable":true,"href":"https:\/\/cyclingpro.net\/velopro\/wp-json\/wp\/v2\/categories?post=118702"},{"taxonomy":"post_tag","embeddable":true,"href":"https:\/\/cyclingpro.net\/velopro\/wp-json\/wp\/v2\/tags?post=118702"}],"curies":[{"name":"wp","href":"https:\/\/api.w.org\/{rel}","templated":true}]}}