{"id":116867,"date":"2019-05-08T19:17:33","date_gmt":"2019-05-08T17:17:33","guid":{"rendered":"https:\/\/cyclingpro.net\/velopro\/?p=116867"},"modified":"2019-05-08T19:17:33","modified_gmt":"2019-05-08T17:17:33","slug":"tour-de-californie-uae-team-emirates-sorganise-autour-de-tadej-pogacar","status":"publish","type":"post","link":"https:\/\/cyclingpro.net\/velopro\/course\/tour-of-california\/tour-de-californie-uae-team-emirates-sorganise-autour-de-tadej-pogacar\/","title":{"rendered":"Tour de Californie : UAE-Team Emirates s&rsquo;organise autour de Tadej Pogacar"},"content":{"rendered":"<p style=\"text-align: justify;\">UAE-Team Emirates a annonc\u00e9 sa s\u00e9lection pour le Tour de Californie, du 12 au 18 mai. Sur l&rsquo;\u00e9preuve am\u00e9ricaine, l&rsquo;\u00e9quipe des Emirats comptera sur son prodige Tadej Pogacar pour d\u00e9crocher un bon r\u00e9sultat au g\u00e9n\u00e9ral. Vainqueur du Tour d&rsquo;Algarve, 6e du Tour du Pays Basque, le coureur slov\u00e8ne de 20 ans a en tout cas montr\u00e9, pour sa premi\u00e8re saison WorldTour, qu&rsquo;il avait les armes pour se battre avec les meilleurs. Trois autres coureurs de moins de 23 ans sont s\u00e9lectionn\u00e9s : le sprinteur Jasper Philipsen, ainsi que Cristian Munoz et Rui Oliveira. Les plus exp\u00e9riment\u00e9s Roberto Ferrari, Kristijan Durasek et Vegard Stake Laengen compl\u00e8tent la s\u00e9lection avec pour mission d&rsquo;encadrer leurs cadets.<\/p>\n<p style=\"text-align: justify;\">\u00ab <em>Je vais essayer de batailler pour un bon r\u00e9sultat au g\u00e9n\u00e9ral<\/em>, annonce Pogacar dans un communiqu\u00e9 de son \u00e9quipe. <em>J&rsquo;esp\u00e8re pouvoir encore compter sur la bonne forme que j&rsquo;avais pendant toute la premi\u00e8re partie de saison. C&rsquo;\u00e9tait un d\u00e9but id\u00e9al pour moi. J&rsquo;ai beaucoup appris et en m\u00eame temps j&rsquo;ai accroch\u00e9 d&rsquo;importants r\u00e9sultats. C&rsquo;est donc avec enthousiasme que je m&rsquo;appr\u00eate \u00e0 courir aux Etats-Unis. Je n&rsquo;y ai couru qu&rsquo;une fois jusqu&rsquo;alors, c&rsquo;\u00e9tait en 2015 pour les Mondiaux Juniors de Richmond.<\/em>\u00a0\u00bb<\/p>\n<blockquote class=\"twitter-tweet\" data-lang=\"fr\">\n<p dir=\"ltr\" lang=\"en\">We&rsquo;re at <a href=\"https:\/\/twitter.com\/AmgenTOC?ref_src=twsrc%5Etfw\">@AmgenTOC<\/a> for the biggest race in the USA! &#x1f1fa;&#x1f1f8; <a href=\"https:\/\/twitter.com\/TamauPogi?ref_src=twsrc%5Etfw\">@TamauPogi<\/a> &#x1f1f8;&#x1f1ee;<a href=\"https:\/\/twitter.com\/JasperPhilipsen?ref_src=twsrc%5Etfw\">@JasperPhilipsen<\/a> &#x1f1e7;&#x1f1ea;<a href=\"https:\/\/twitter.com\/roliveira57?ref_src=twsrc%5Etfw\">@roliveira57<\/a> &#x1f1f5;&#x1f1f9;<a href=\"https:\/\/twitter.com\/hashtag\/KristijanDurasek?src=hash&amp;ref_src=twsrc%5Etfw\">#KristijanDurasek<\/a> &#x1f1ed;&#x1f1f7;<a href=\"https:\/\/twitter.com\/VSLaengen?ref_src=twsrc%5Etfw\">@VSLaengen<\/a> &#x1f1f3;&#x1f1f4;<a href=\"https:\/\/twitter.com\/hashtag\/RobertoFerrari?src=hash&amp;ref_src=twsrc%5Etfw\">#RobertoFerrari<\/a> &#x1f1ee;&#x1f1f9;<a href=\"https:\/\/twitter.com\/hashtag\/CristianMu%C3%B1oz?src=hash&amp;ref_src=twsrc%5Etfw\">#CristianMu\u00f1oz<\/a> &#x1f1e8;&#x1f1f4;<\/p>\n<p>&#x1f4dd;Full Report: <a href=\"https:\/\/t.co\/FAQwN81n7P\">https:\/\/t.co\/FAQwN81n7P<\/a> <a href=\"https:\/\/twitter.com\/hashtag\/UAETeamEmirates?src=hash&amp;ref_src=twsrc%5Etfw\">#UAETeamEmirates<\/a> <a href=\"https:\/\/twitter.com\/hashtag\/RideTogether?src=hash&amp;ref_src=twsrc%5Etfw\">#RideTogether<\/a> <a href=\"https:\/\/twitter.com\/hashtag\/YearOfTolerance?src=hash&amp;ref_src=twsrc%5Etfw\">#YearOfTolerance<\/a> <a href=\"https:\/\/twitter.com\/hashtag\/amgentoc?src=hash&amp;ref_src=twsrc%5Etfw\">#amgentoc<\/a> <a href=\"https:\/\/t.co\/jU7THInivW\">pic.twitter.com\/jU7THInivW<\/a><\/p>\n<p>\u2014 @UAE-TeamEmirates (@TeamUAEAbuDhabi) <a href=\"https:\/\/twitter.com\/TeamUAEAbuDhabi\/status\/1126087346712121346?ref_src=twsrc%5Etfw\">8 mai 2019<\/a><\/p><\/blockquote>\n<p><script async src=\"https:\/\/platform.twitter.com\/widgets.js\" charset=\"utf-8\"><\/script><\/p>\n","protected":false},"excerpt":{"rendered":"<p>UAE-Team Emirates a annonc\u00e9 sa s\u00e9lection pour le Tour de Californie, du 12 au 18 mai. Sur l&rsquo;\u00e9preuve am\u00e9ricaine, l&rsquo;\u00e9quipe des Emirats comptera sur son prodige Tadej Pogacar pour d\u00e9crocher un bon r\u00e9sultat au g\u00e9n\u00e9ral. Vainqueur du Tour d&rsquo;Algarve, 6e du Tour du Pays Basque, le coureur slov\u00e8ne de 20 ans a en tout cas &hellip;<\/p>\n","protected":false},"author":15,"featured_media":112483,"comment_status":"open","ping_status":"open","sticky":false,"template":"","format":"standard","meta":{"footnotes":""},"categories":[11,26,25,15,81,19,28],"tags":[],"class_list":["post-116867","post","type-post","status-publish","format-standard","has-post-thumbnail","hentry","category-news-niveau-2","category-compositions","category-news","category-route","category-tour-of-california","category-worldtour","category-course"],"_links":{"self":[{"href":"https:\/\/cyclingpro.net\/velopro\/wp-json\/wp\/v2\/posts\/116867","targetHints":{"allow":["GET"]}}],"collection":[{"href":"https:\/\/cyclingpro.net\/velopro\/wp-json\/wp\/v2\/posts"}],"about":[{"href":"https:\/\/cyclingpro.net\/velopro\/wp-json\/wp\/v2\/types\/post"}],"author":[{"embeddable":true,"href":"https:\/\/cyclingpro.net\/velopro\/wp-json\/wp\/v2\/users\/15"}],"replies":[{"embeddable":true,"href":"https:\/\/cyclingpro.net\/velopro\/wp-json\/wp\/v2\/comments?post=116867"}],"version-history":[{"count":2,"href":"https:\/\/cyclingpro.net\/velopro\/wp-json\/wp\/v2\/posts\/116867\/revisions"}],"predecessor-version":[{"id":116869,"href":"https:\/\/cyclingpro.net\/velopro\/wp-json\/wp\/v2\/posts\/116867\/revisions\/116869"}],"wp:featuredmedia":[{"embeddable":true,"href":"https:\/\/cyclingpro.net\/velopro\/wp-json\/wp\/v2\/media\/112483"}],"wp:attachment":[{"href":"https:\/\/cyclingpro.net\/velopro\/wp-json\/wp\/v2\/media?parent=116867"}],"wp:term":[{"taxonomy":"category","embeddable":true,"href":"https:\/\/cyclingpro.net\/velopro\/wp-json\/wp\/v2\/categories?post=116867"},{"taxonomy":"post_tag","embeddable":true,"href":"https:\/\/cyclingpro.net\/velopro\/wp-json\/wp\/v2\/tags?post=116867"}],"curies":[{"name":"wp","href":"https:\/\/api.w.org\/{rel}","templated":true}]}}