{"id":116797,"date":"2019-05-08T12:06:26","date_gmt":"2019-05-08T10:06:26","guid":{"rendered":"https:\/\/cyclingpro.net\/velopro\/?p=116797"},"modified":"2019-05-08T12:06:26","modified_gmt":"2019-05-08T10:06:26","slug":"tour-de-californie-bahrain-merida-compte-sur-rohan-dennis","status":"publish","type":"post","link":"https:\/\/cyclingpro.net\/velopro\/course\/tour-of-california\/tour-de-californie-bahrain-merida-compte-sur-rohan-dennis\/","title":{"rendered":"Tour de Californie : Bahrain-Merida compte sur Rohan Dennis"},"content":{"rendered":"<p style=\"text-align: justify;\">Bahrain-Merida a d\u00e9voil\u00e9 sa s\u00e9lection pour le Tour de Californie, du 12 au 18 mai. L&rsquo;\u00e9quipe du Golfe misera alors sur Rohan Dennis pour le g\u00e9n\u00e9ral. Malgr\u00e9 l&rsquo;absence de chrono au programme de l&rsquo;\u00e9preuve am\u00e9ricaine, l&rsquo;Australien a la confiance de son encadrement pour aller chercher un bon classement. C\u00f4t\u00e9 sprint, l&rsquo;\u00e9quipe du Golfe sera emmen\u00e9e par Phil Bauhaus, toujours \u00e0 la recherche d&rsquo;une premi\u00e8re victoire cette saison. Ivan Cortina sera \u00e9galement de la partie pour chasser les \u00e9tapes. Marcel Sieberg, Heinrich Haussler et Hermann Pernsteiner compl\u00e8tent la s\u00e9lection.<\/p>\n<p style=\"text-align: justify;\">\u00ab <em>Nous avons des objectifs \u00e9lev\u00e9s<\/em>, pr\u00e9vient Tristan Hoffman, l&rsquo;un des directeurs sportifs. <em>Il y a deux \u00e9tapes taill\u00e9es pour les sprinteurs, et deux autres avec une possible arriv\u00e9e d&rsquo;un petit groupe au sprint. En fonction des \u00e9carts au g\u00e9n\u00e9ral, la bataille devrait \u00eatre intense jusqu&rsquo;\u00e0 la derni\u00e8re \u00e9tape. Nous avons deux objectifs principaux. D&rsquo;abord Rohan Dennis pour le g\u00e9n\u00e9ral. Peu importe qu&rsquo;il n&rsquo;y ait pas de chrono au programme, c&rsquo;est un challenge pour lui et il devra viser le top5. Il a prouv\u00e9 par le pass\u00e9, avec deux victoires d&rsquo;\u00e9tapes, et deux places de deuxi\u00e8me au g\u00e9n\u00e9ral que le Tour de Californie \u00e9tait une bonne course pour lui. Nous pourrons aussi esp\u00e9rer remporter des \u00e9tapes : avec Phil Bauhaus pour les sprints et Ivan Cortina, entre autres, pour prendre les \u00e9chapp\u00e9es.<\/em> \u00bb<\/p>\n<blockquote class=\"twitter-tweet\" data-lang=\"fr\">\n<p dir=\"ltr\" lang=\"en\">&#x1f1fa;&#x1f1f2; <a href=\"https:\/\/twitter.com\/hashtag\/AmgenTOC?src=hash&amp;ref_src=twsrc%5Etfw\">#AmgenTOC<\/a><a href=\"https:\/\/twitter.com\/hashtag\/BAHRAINMERIDA?src=hash&amp;ref_src=twsrc%5Etfw\">#BAHRAINMERIDA<\/a>&#x1f1e7;&#x1f1ed; line-up for <a href=\"https:\/\/twitter.com\/AmgenTOC?ref_src=twsrc%5Etfw\">@AmgenTOC<\/a> Tour of California:<\/p>\n<p>&#x1f1e9;&#x1f1ea; <a href=\"https:\/\/twitter.com\/MarcelSieberg?ref_src=twsrc%5Etfw\">@MarcelSieberg<\/a><br \/>\n&#x1f1ea;&#x1f1f8; <a href=\"https:\/\/twitter.com\/ivan_cortina?ref_src=twsrc%5Etfw\">@ivan_cortina<\/a><br \/>\n&#x1f1e6;&#x1f1fa; <a href=\"https:\/\/twitter.com\/RohanDennis?ref_src=twsrc%5Etfw\">@RohanDennis<\/a><br \/>\n&#x1f1e9;&#x1f1ea; <a href=\"https:\/\/twitter.com\/PhilBauhaus?ref_src=twsrc%5Etfw\">@PhilBauhaus<\/a><br \/>\n&#x1f1e6;&#x1f1fa; Heinrich <a href=\"https:\/\/twitter.com\/hashtag\/Haussler?src=hash&amp;ref_src=twsrc%5Etfw\">#Haussler<\/a><br \/>\n&#x1f1e6;&#x1f1f9; Hermann <a href=\"https:\/\/twitter.com\/hashtag\/Pernsteiner?src=hash&amp;ref_src=twsrc%5Etfw\">#Pernsteiner<\/a><\/p>\n<p>&#x1f4dd; Read more<\/p>\n<p>&#x1f447;&#x1f3fb; <a href=\"https:\/\/t.co\/AWW2x5JC6k\">https:\/\/t.co\/AWW2x5JC6k<\/a> <a href=\"https:\/\/t.co\/jjEzhPbry9\">pic.twitter.com\/jjEzhPbry9<\/a><\/p>\n<p>\u2014 Team Bahrain Merida (@Bahrain_Merida) <a href=\"https:\/\/twitter.com\/Bahrain_Merida\/status\/1126061528225128453?ref_src=twsrc%5Etfw\">8 mai 2019<\/a><\/p><\/blockquote>\n<p><script async src=\"https:\/\/platform.twitter.com\/widgets.js\" charset=\"utf-8\"><\/script><\/p>\n","protected":false},"excerpt":{"rendered":"<p>Bahrain-Merida a d\u00e9voil\u00e9 sa s\u00e9lection pour le Tour de Californie, du 12 au 18 mai. L&rsquo;\u00e9quipe du Golfe misera alors sur Rohan Dennis pour le g\u00e9n\u00e9ral. Malgr\u00e9 l&rsquo;absence de chrono au programme de l&rsquo;\u00e9preuve am\u00e9ricaine, l&rsquo;Australien a la confiance de son encadrement pour aller chercher un bon classement. C\u00f4t\u00e9 sprint, l&rsquo;\u00e9quipe du Golfe sera emmen\u00e9e &hellip;<\/p>\n","protected":false},"author":15,"featured_media":99582,"comment_status":"open","ping_status":"open","sticky":false,"template":"","format":"standard","meta":{"footnotes":""},"categories":[11,26,25,15,81,19,28],"tags":[],"class_list":["post-116797","post","type-post","status-publish","format-standard","has-post-thumbnail","hentry","category-news-niveau-2","category-compositions","category-news","category-route","category-tour-of-california","category-worldtour","category-course"],"_links":{"self":[{"href":"https:\/\/cyclingpro.net\/velopro\/wp-json\/wp\/v2\/posts\/116797","targetHints":{"allow":["GET"]}}],"collection":[{"href":"https:\/\/cyclingpro.net\/velopro\/wp-json\/wp\/v2\/posts"}],"about":[{"href":"https:\/\/cyclingpro.net\/velopro\/wp-json\/wp\/v2\/types\/post"}],"author":[{"embeddable":true,"href":"https:\/\/cyclingpro.net\/velopro\/wp-json\/wp\/v2\/users\/15"}],"replies":[{"embeddable":true,"href":"https:\/\/cyclingpro.net\/velopro\/wp-json\/wp\/v2\/comments?post=116797"}],"version-history":[{"count":2,"href":"https:\/\/cyclingpro.net\/velopro\/wp-json\/wp\/v2\/posts\/116797\/revisions"}],"predecessor-version":[{"id":116833,"href":"https:\/\/cyclingpro.net\/velopro\/wp-json\/wp\/v2\/posts\/116797\/revisions\/116833"}],"wp:featuredmedia":[{"embeddable":true,"href":"https:\/\/cyclingpro.net\/velopro\/wp-json\/wp\/v2\/media\/99582"}],"wp:attachment":[{"href":"https:\/\/cyclingpro.net\/velopro\/wp-json\/wp\/v2\/media?parent=116797"}],"wp:term":[{"taxonomy":"category","embeddable":true,"href":"https:\/\/cyclingpro.net\/velopro\/wp-json\/wp\/v2\/categories?post=116797"},{"taxonomy":"post_tag","embeddable":true,"href":"https:\/\/cyclingpro.net\/velopro\/wp-json\/wp\/v2\/tags?post=116797"}],"curies":[{"name":"wp","href":"https:\/\/api.w.org\/{rel}","templated":true}]}}