{"id":116162,"date":"2019-05-03T10:46:30","date_gmt":"2019-05-03T08:46:30","guid":{"rendered":"https:\/\/cyclingpro.net\/velopro\/?p=116162"},"modified":"2019-05-03T10:46:30","modified_gmt":"2019-05-03T08:46:30","slug":"tour-de-romandie-les-baroudeurs-a-lhonneur","status":"publish","type":"post","link":"https:\/\/cyclingpro.net\/velopro\/course\/tour-de-romandie\/tour-de-romandie-les-baroudeurs-a-lhonneur\/","title":{"rendered":"Tour de Romandie : Les baroudeurs \u00e0 l&rsquo;honneur ?"},"content":{"rendered":"<p><strong>73e \u00e9dition du Tour de Romandie (2.UWT), du 30 avril au 5 mai<br \/>\n3e \u00e9tape, Romont &gt; Romont, 160kilom\u00e8tres<\/strong><\/p>\n<p><strong>Infos :\u00a0<\/strong><\/p>\n<p style=\"text-align: justify;\">Une \u00e9tape taill\u00e9e pour les baroudeurs. Ce vendredi, le peloton du Tour de Romandie tournera autour de Romont. Il faudra alors passer trois fois sur la ligne d&rsquo;arriv\u00e9e, dessin\u00e9e au sommet d&rsquo;une mont\u00e9e de 900 m\u00e8tres \u00e0 7,8%. Auparavant, la C\u00f4te de Sorens (3,7km \u00e0 6,4%), plac\u00e9e en d\u00e9but d&rsquo;\u00e9tape, offrira une rampe de lancement id\u00e9ale aux coureurs offensifs. Si un groupe important venait \u00e0 se d\u00e9gager, il semble qu&rsquo;il sera tr\u00e8s difficile de s&rsquo;organiser \u00e0 sa poursuite. Il n&rsquo;y a pas un kilom\u00e8tre plat ce vendredi. Outre la premi\u00e8re bosse, trois autres difficult\u00e9s sont r\u00e9pertori\u00e9es au classement de la montagne : Vuisternens-en-Ogoz (2,2km \u00e0 5,6%), Vauderens (1,2km \u00e0 7,6%) et Villars-Bramard (4,2km \u00e0 5,3%). De plus, les favoris pour le g\u00e9n\u00e9ral devraient se neutraliser avant de disputer, demain, l&rsquo;\u00e9tape reine, et, dimanche, le chrono d\u00e9cisif.<\/p>\n<h6 class=\"name post-title entry-title\"><strong><a href=\"https:\/\/cyclingpro.net\/velopro\/course\/tour-de-romandie\/tour-de-romandie-presentation-de-ledition-2019\/\">Lire aussi &gt; Tour de Romandie : Pr\u00e9sentation de l\u2019\u00e9dition 2019<\/a><\/strong><\/h6>\n<p style=\"text-align: justify;\">Lorsque l&rsquo;on cite les baroudeurs, le nom de Thomas De Gendt (Lotto Soudal) est sur toutes les l\u00e8vres. Gianluca Brambilla (Trek-Segafredo) pourrait aussi briller sur ce trac\u00e9 si une \u00e9chapp\u00e9e disposait d&rsquo;un peu de libert\u00e9. AG2R-La Mondiale a \u00e9galement plusieurs cartes pour partir de loin : Alexis Gougeard, Nans Peters ou le Suisse Silvan Dillier. Merhawi Kudus (Astana) ou Daniel Martinez (EF Education First) ont perdu du temps lors de la premi\u00e8re \u00e9tape et pourraient aussi tenter des choses. Au contraire, si les favoris venaient \u00e0 rallier l&rsquo;arriv\u00e9e en t\u00eate, cela devrait \u00eatre un nouveau combat entre Primoz Roglic (Jumbo-Visma), David Gaudu (Groupama-FDJ) et Rui Costa (UAE-Team Emirates).<\/p>\n<p><strong>Carte et profil :\u00a0<\/strong><\/p>\n<div id='gallery-1' class='gallery galleryid-116162 gallery-columns-3 gallery-size-thumbnail'><figure class='gallery-item'>\n\t\t\t<div class='gallery-icon landscape'>\n\t\t\t\t<a href='https:\/\/cyclingpro.net\/velopro\/course\/tour-de-romandie\/tour-de-romandie-2019-le-parcours-devoile\/attachment\/giro-di-romandia-2019-tappa-3-altimetria\/'><img loading=\"lazy\" decoding=\"async\" width=\"150\" height=\"150\" src=\"https:\/\/cyclingpro.net\/velopro\/wp-content\/uploads\/2019\/04\/Giro-di-Romandia-2019-Tappa-3-Altimetria-150x150.png\" class=\"attachment-thumbnail size-thumbnail\" alt=\"\" \/><\/a>\n\t\t\t<\/div><\/figure><figure class='gallery-item'>\n\t\t\t<div class='gallery-icon portrait'>\n\t\t\t\t<a href='https:\/\/cyclingpro.net\/velopro\/course\/tour-de-romandie\/tour-de-romandie-2019-le-parcours-devoile\/attachment\/giro-di-romandia-2019-tappa-3-planimetria\/'><img loading=\"lazy\" decoding=\"async\" width=\"150\" height=\"150\" src=\"https:\/\/cyclingpro.net\/velopro\/wp-content\/uploads\/2019\/04\/Giro-di-Romandia-2019-Tappa-3-Planimetria-150x150.png\" class=\"attachment-thumbnail size-thumbnail\" alt=\"\" \/><\/a>\n\t\t\t<\/div><\/figure>\n\t\t<\/div>\n\n<p><strong>Le classement g\u00e9n\u00e9ral apr\u00e8s la deuxi\u00e8me \u00e9tape :\u00a0<\/strong><br \/>\n1. Primoz Roglic (Jumbo-Visma) en 8h32\u201913\u201d<br \/>\n2. Rui Costa (UAE-Team Emirates) \u00e0 10\u2033<br \/>\n3. David Gaudu (Groupama-FDJ) \u00e0 12\u2033<br \/>\n4. Geraint Thomas (Ineos) \u00e0 13\u2033<br \/>\n5. Carlos Betancur (Movistar) \u00e0 14\u2033<br \/>\n6. Felix Grossschartner (Bora-hansgrohe) \u00e0 15\u2033<br \/>\n7. Steven Kruijswijk (Jumbo-Visma) \u00e0 17\u2033<br \/>\n8. James Knox (Deceuninck-Quick Step) \u00e0 18\u2033<br \/>\n9. Damien Howson (Mitchelton-Scott) m.t.<br \/>\n10. Winner Anacona (Movistar) \u00e0 19\u2033<\/p>\n<p><strong>Les maillots distinctifs :<br \/>\n<\/strong>Classement par points : Stefan K\u00fcng (Groupama-FDJ), 88 points<br \/>\nClassement de la montagne : Simon Pellaud (S\u00e9lection suisse), 30 points<br \/>\nClassement du meilleur jeune : David Gaudu (Groupama-FDJ) en 8h32&rsquo;25\u00a0\u00bb<br \/>\nClassement par \u00e9quipes : Movistar en 25h37&rsquo;32\u00a0\u00bb<\/p>\n","protected":false},"excerpt":{"rendered":"<p>73e \u00e9dition du Tour de Romandie (2.UWT), du 30 avril au 5 mai 3e \u00e9tape, Romont &gt; Romont, 160kilom\u00e8tres Infos :\u00a0 Une \u00e9tape taill\u00e9e pour les baroudeurs. Ce vendredi, le peloton du Tour de Romandie tournera autour de Romont. Il faudra alors passer trois fois sur la ligne d&rsquo;arriv\u00e9e, dessin\u00e9e au sommet d&rsquo;une mont\u00e9e de &hellip;<\/p>\n","protected":false},"author":15,"featured_media":67099,"comment_status":"open","ping_status":"open","sticky":false,"template":"","format":"standard","meta":{"footnotes":""},"categories":[27,17,24,15,105,19,28],"tags":[],"class_list":["post-116162","post","type-post","status-publish","format-standard","has-post-thumbnail","hentry","category-gros-bloc","category-une","category-presentation-course","category-route","category-tour-de-romandie","category-worldtour","category-course"],"_links":{"self":[{"href":"https:\/\/cyclingpro.net\/velopro\/wp-json\/wp\/v2\/posts\/116162","targetHints":{"allow":["GET"]}}],"collection":[{"href":"https:\/\/cyclingpro.net\/velopro\/wp-json\/wp\/v2\/posts"}],"about":[{"href":"https:\/\/cyclingpro.net\/velopro\/wp-json\/wp\/v2\/types\/post"}],"author":[{"embeddable":true,"href":"https:\/\/cyclingpro.net\/velopro\/wp-json\/wp\/v2\/users\/15"}],"replies":[{"embeddable":true,"href":"https:\/\/cyclingpro.net\/velopro\/wp-json\/wp\/v2\/comments?post=116162"}],"version-history":[{"count":3,"href":"https:\/\/cyclingpro.net\/velopro\/wp-json\/wp\/v2\/posts\/116162\/revisions"}],"predecessor-version":[{"id":116165,"href":"https:\/\/cyclingpro.net\/velopro\/wp-json\/wp\/v2\/posts\/116162\/revisions\/116165"}],"wp:featuredmedia":[{"embeddable":true,"href":"https:\/\/cyclingpro.net\/velopro\/wp-json\/wp\/v2\/media\/67099"}],"wp:attachment":[{"href":"https:\/\/cyclingpro.net\/velopro\/wp-json\/wp\/v2\/media?parent=116162"}],"wp:term":[{"taxonomy":"category","embeddable":true,"href":"https:\/\/cyclingpro.net\/velopro\/wp-json\/wp\/v2\/categories?post=116162"},{"taxonomy":"post_tag","embeddable":true,"href":"https:\/\/cyclingpro.net\/velopro\/wp-json\/wp\/v2\/tags?post=116162"}],"curies":[{"name":"wp","href":"https:\/\/api.w.org\/{rel}","templated":true}]}}