{"id":115951,"date":"2019-05-02T11:23:31","date_gmt":"2019-05-02T09:23:31","guid":{"rendered":"https:\/\/cyclingpro.net\/velopro\/?p=115951"},"modified":"2019-05-02T11:23:31","modified_gmt":"2019-05-02T09:23:31","slug":"vainqueur-a-francfort-pascal-ackermann-est-impatient-detre-au-giro","status":"publish","type":"post","link":"https:\/\/cyclingpro.net\/velopro\/course\/eschborn-francfurt\/vainqueur-a-francfort-pascal-ackermann-est-impatient-detre-au-giro\/","title":{"rendered":"Vainqueur \u00e0 Francfort, Pascal Ackermann est \u00ab impatient d&rsquo;\u00eatre au Giro \u00bb"},"content":{"rendered":"<p style=\"text-align: justify;\">Pascal Ackermann a priv\u00e9 Alexander Kristoff de la passe de cinq ce mercredi. Alors que le puissant Norv\u00e9gien visait un cinqui\u00e8me sacre d&rsquo;affil\u00e9e sur Eschborn-Francfort, c&rsquo;est le sprinteur de la Bora-hansgrohe qui a domin\u00e9 l&#8217;emballage de la course allemande. A moins de dix jours du Giro, pour lequel il est engag\u00e9, Ackermann se r\u00e9jouissait de sa condition, et de celle de son \u00e9quipe.<\/p>\n<h6><strong><a href=\"https:\/\/cyclingpro.net\/velopro\/course\/eschborn-francfurt\/eschborn-francfort-pascal-ackermann-prophete-en-son-pays\/\">Lire aussi &gt; Eschborn-Francfort : Pascal Ackermann proph\u00e8te en son pays<\/a><\/strong><\/h6>\n<p style=\"text-align: justify;\">\u00ab <em>Nous sommes venus \u00e0 Francfort avec un but, et c&rsquo;\u00e9tait de gagner. C&rsquo;est un sentiment tr\u00e8s agr\u00e9able d&rsquo;avoir rempli l&rsquo;objectif<\/em>, se r\u00e9jouissait le champion d&rsquo;Allemagne dans un communiqu\u00e9 de son \u00e9quipe. <em>Les gars ont roul\u00e9 en t\u00eate de peloton toute la journ\u00e9e, et \u00e0 la fin c&rsquo;\u00e9tait top de pouvoir l&#8217;emporter. J&rsquo;avoue que je sentais un peu plus de pression aujourd&rsquo;hui, car nous sommes une \u00e9quipe allemande, disputant une course allemande. Evidemment, nous \u00e9tions pr\u00eats \u00e0 tout mettre en oeuvre pour gagner. L&rsquo;\u00e9quipe est en pleine forme, nous sommes d\u00e9sormais impatients d&rsquo;\u00eatre au Giro.<\/em> \u00bb<\/p>\n<blockquote class=\"twitter-tweet\" data-lang=\"fr\">\n<p dir=\"ltr\" lang=\"en\">REPORT: <a href=\"https:\/\/twitter.com\/Ackes171?ref_src=twsrc%5Etfw\">@Ackes171<\/a> takes emphatic victory at <a href=\"https:\/\/twitter.com\/DerRadklassiker?ref_src=twsrc%5Etfw\">@DerRadklassiker<\/a>. Read all about this outstanding win here: <a href=\"https:\/\/t.co\/MPenX5Ey9C\">https:\/\/t.co\/MPenX5Ey9C<\/a><\/p>\n<p>&#x1f4f8; Bettiniphoto <a href=\"https:\/\/t.co\/4VEVZuaI2W\">pic.twitter.com\/4VEVZuaI2W<\/a><\/p>\n<p>\u2014 BORA \u2013 hansgrohe (@BORAhansgrohe) <a href=\"https:\/\/twitter.com\/BORAhansgrohe\/status\/1123612383547674624?ref_src=twsrc%5Etfw\">1 mai 2019<\/a><\/p><\/blockquote>\n<p><script async src=\"https:\/\/platform.twitter.com\/widgets.js\" charset=\"utf-8\"><\/script><\/p>\n","protected":false},"excerpt":{"rendered":"<p>Pascal Ackermann a priv\u00e9 Alexander Kristoff de la passe de cinq ce mercredi. Alors que le puissant Norv\u00e9gien visait un cinqui\u00e8me sacre d&rsquo;affil\u00e9e sur Eschborn-Francfort, c&rsquo;est le sprinteur de la Bora-hansgrohe qui a domin\u00e9 l&#8217;emballage de la course allemande. A moins de dix jours du Giro, pour lequel il est engag\u00e9, Ackermann se r\u00e9jouissait de &hellip;<\/p>\n","protected":false},"author":15,"featured_media":89158,"comment_status":"open","ping_status":"open","sticky":false,"template":"","format":"standard","meta":{"footnotes":""},"categories":[11,99,8,15,19,28],"tags":[],"class_list":["post-115951","post","type-post","status-publish","format-standard","has-post-thumbnail","hentry","category-news-niveau-2","category-eschborn-francfurt","category-interviews","category-route","category-worldtour","category-course"],"_links":{"self":[{"href":"https:\/\/cyclingpro.net\/velopro\/wp-json\/wp\/v2\/posts\/115951","targetHints":{"allow":["GET"]}}],"collection":[{"href":"https:\/\/cyclingpro.net\/velopro\/wp-json\/wp\/v2\/posts"}],"about":[{"href":"https:\/\/cyclingpro.net\/velopro\/wp-json\/wp\/v2\/types\/post"}],"author":[{"embeddable":true,"href":"https:\/\/cyclingpro.net\/velopro\/wp-json\/wp\/v2\/users\/15"}],"replies":[{"embeddable":true,"href":"https:\/\/cyclingpro.net\/velopro\/wp-json\/wp\/v2\/comments?post=115951"}],"version-history":[{"count":2,"href":"https:\/\/cyclingpro.net\/velopro\/wp-json\/wp\/v2\/posts\/115951\/revisions"}],"predecessor-version":[{"id":115953,"href":"https:\/\/cyclingpro.net\/velopro\/wp-json\/wp\/v2\/posts\/115951\/revisions\/115953"}],"wp:featuredmedia":[{"embeddable":true,"href":"https:\/\/cyclingpro.net\/velopro\/wp-json\/wp\/v2\/media\/89158"}],"wp:attachment":[{"href":"https:\/\/cyclingpro.net\/velopro\/wp-json\/wp\/v2\/media?parent=115951"}],"wp:term":[{"taxonomy":"category","embeddable":true,"href":"https:\/\/cyclingpro.net\/velopro\/wp-json\/wp\/v2\/categories?post=115951"},{"taxonomy":"post_tag","embeddable":true,"href":"https:\/\/cyclingpro.net\/velopro\/wp-json\/wp\/v2\/tags?post=115951"}],"curies":[{"name":"wp","href":"https:\/\/api.w.org\/{rel}","templated":true}]}}