{"id":114985,"date":"2019-04-26T12:36:39","date_gmt":"2019-04-26T10:36:39","guid":{"rendered":"https:\/\/cyclingpro.net\/velopro\/?p=114985"},"modified":"2019-04-26T12:36:39","modified_gmt":"2019-04-26T10:36:39","slug":"la-fleche-wallonne-2020-selancera-de-herve","status":"publish","type":"post","link":"https:\/\/cyclingpro.net\/velopro\/course\/fleche-wallonne\/la-fleche-wallonne-2020-selancera-de-herve\/","title":{"rendered":"La Fl\u00e8che Wallonne 2020 s&rsquo;\u00e9lancera de Herve"},"content":{"rendered":"<p style=\"text-align: justify;\">L&rsquo;\u00e9dition 2019 \u00e0 peine boucl\u00e9e, les organisateurs de la Fl\u00e8che Wallonne ont d\u00e9j\u00e0 les yeux riv\u00e9s vers la saison prochaine. En 2020, le d\u00e9part de la classique ardennaise s&rsquo;effectuera \u00e0 Herve, une commune de 18000 habitants situ\u00e9e entre Li\u00e8ge et Verviers. Ce sera alors la premi\u00e8re fois que cette localit\u00e9 wallonne accueille le d\u00e9part d&rsquo;une \u00e9preuve WorldTour. Cette ann\u00e9e, le d\u00e9part de l&rsquo;\u00e9preuve avait \u00e9t\u00e9 donn\u00e9 depuis Ans.<\/p>\n<h6 class=\"post-box-title\"><strong><a href=\"https:\/\/cyclingpro.net\/velopro\/course\/fleche-wallonne\/la-fleche-wallonne-julian-alaphilippe-a-larrachee-devant-jakob-fuglsang\/\">Lire aussi &gt; La Fl\u00e8che Wallonne : Julian Alaphilippe \u00e0 l\u2019arrach\u00e9 devant Jakob Fuglsang<\/a><\/strong><\/h6>\n<p style=\"text-align: justify;\">Le partenariat pass\u00e9 entre la province de Li\u00e8ge et ASO pour les classiques ardennaises s&rsquo;\u00e9tend jusqu&rsquo;\u00e0 2024 et pr\u00e9voit une arriv\u00e9e inchang\u00e9e au sommet du Mur de Huy, pour les hommes comme pour les dames. Les villes-d\u00e9part changeront elles chaque ann\u00e9e, au moins jusqu&rsquo;\u00e0 la fin de cet accord.<\/p>\n<blockquote class=\"twitter-tweet\" data-lang=\"fr\">\n<p dir=\"ltr\" lang=\"fr\">&#x1f3f9;En 2020, le d\u00e9part de la <a href=\"https:\/\/twitter.com\/hashtag\/FlecheWallonne?src=hash&amp;ref_src=twsrc%5Etfw\">#FlecheWallonne<\/a> aura lieu \u00e0 Herve, sur le plateau entre Li\u00e8ge et Verviers .<\/p>\n<p>&#x1f3f9; 2020 <a href=\"https:\/\/twitter.com\/hashtag\/FlecheWallonne?src=hash&amp;ref_src=twsrc%5Etfw\">#FlecheWallonne<\/a> to take the high road with a start in Herve, on the plateau between Li\u00e8ge and Verviers.<\/p>\n<p>&#x1f1eb;&#x1f1f7; &#x27a1; <a href=\"https:\/\/t.co\/rTBGtJlDJz\">https:\/\/t.co\/rTBGtJlDJz<\/a><br \/>\n&#x1f1ec;&#x1f1e7;&#x27a1; <a href=\"https:\/\/t.co\/UPpPhzeSf4\">https:\/\/t.co\/UPpPhzeSf4<\/a> <a href=\"https:\/\/t.co\/63mymJDlL1\">pic.twitter.com\/63mymJDlL1<\/a><\/p>\n<p>\u2014 La Fl\u00e8che Wallonne (@flechewallonne) <a href=\"https:\/\/twitter.com\/flechewallonne\/status\/1121718857943670786?ref_src=twsrc%5Etfw\">26 avril 2019<\/a><\/p><\/blockquote>\n<p><script async src=\"https:\/\/platform.twitter.com\/widgets.js\" charset=\"utf-8\"><\/script><\/p>\n","protected":false},"excerpt":{"rendered":"<p>L&rsquo;\u00e9dition 2019 \u00e0 peine boucl\u00e9e, les organisateurs de la Fl\u00e8che Wallonne ont d\u00e9j\u00e0 les yeux riv\u00e9s vers la saison prochaine. En 2020, le d\u00e9part de la classique ardennaise s&rsquo;effectuera \u00e0 Herve, une commune de 18000 habitants situ\u00e9e entre Li\u00e8ge et Verviers. Ce sera alors la premi\u00e8re fois que cette localit\u00e9 wallonne accueille le d\u00e9part d&rsquo;une &hellip;<\/p>\n","protected":false},"author":15,"featured_media":114513,"comment_status":"open","ping_status":"open","sticky":false,"template":"","format":"standard","meta":{"footnotes":""},"categories":[11,56,25,15,19,28],"tags":[],"class_list":["post-114985","post","type-post","status-publish","format-standard","has-post-thumbnail","hentry","category-news-niveau-2","category-fleche-wallonne","category-news","category-route","category-worldtour","category-course"],"_links":{"self":[{"href":"https:\/\/cyclingpro.net\/velopro\/wp-json\/wp\/v2\/posts\/114985","targetHints":{"allow":["GET"]}}],"collection":[{"href":"https:\/\/cyclingpro.net\/velopro\/wp-json\/wp\/v2\/posts"}],"about":[{"href":"https:\/\/cyclingpro.net\/velopro\/wp-json\/wp\/v2\/types\/post"}],"author":[{"embeddable":true,"href":"https:\/\/cyclingpro.net\/velopro\/wp-json\/wp\/v2\/users\/15"}],"replies":[{"embeddable":true,"href":"https:\/\/cyclingpro.net\/velopro\/wp-json\/wp\/v2\/comments?post=114985"}],"version-history":[{"count":2,"href":"https:\/\/cyclingpro.net\/velopro\/wp-json\/wp\/v2\/posts\/114985\/revisions"}],"predecessor-version":[{"id":114987,"href":"https:\/\/cyclingpro.net\/velopro\/wp-json\/wp\/v2\/posts\/114985\/revisions\/114987"}],"wp:featuredmedia":[{"embeddable":true,"href":"https:\/\/cyclingpro.net\/velopro\/wp-json\/wp\/v2\/media\/114513"}],"wp:attachment":[{"href":"https:\/\/cyclingpro.net\/velopro\/wp-json\/wp\/v2\/media?parent=114985"}],"wp:term":[{"taxonomy":"category","embeddable":true,"href":"https:\/\/cyclingpro.net\/velopro\/wp-json\/wp\/v2\/categories?post=114985"},{"taxonomy":"post_tag","embeddable":true,"href":"https:\/\/cyclingpro.net\/velopro\/wp-json\/wp\/v2\/tags?post=114985"}],"curies":[{"name":"wp","href":"https:\/\/api.w.org\/{rel}","templated":true}]}}