{"id":114855,"date":"2019-04-25T10:35:53","date_gmt":"2019-04-25T08:35:53","guid":{"rendered":"https:\/\/cyclingpro.net\/velopro\/?p=114855"},"modified":"2019-04-25T10:35:53","modified_gmt":"2019-04-25T08:35:53","slug":"tim-wellens-deja-beaucoup-mieux-que-sur-lamstel","status":"publish","type":"post","link":"https:\/\/cyclingpro.net\/velopro\/course\/fleche-wallonne\/tim-wellens-deja-beaucoup-mieux-que-sur-lamstel\/","title":{"rendered":"Tim Wellens : \u00ab D\u00e9j\u00e0 beaucoup mieux que sur l&rsquo;Amstel \u00bb"},"content":{"rendered":"<p style=\"text-align: justify;\">Lotto Soudal comptait beaucoup sur Tim Wellens pour les Ardennaises, c&rsquo;est finalement le jeune Bjorg Lambrecht qui encha\u00eene les bons r\u00e9sultats. Apr\u00e8s sa troisi\u00e8me place sur la Fl\u00e8che Braban\u00e7onne, le leader d\u00e9sign\u00e9 a \u00e9t\u00e9 \u00e9touff\u00e9 par la chaleur et contraint \u00e0 l&rsquo;abandon sur l&rsquo;Amstel. Lambrecht prenait lui la sixi\u00e8me place. Ce mercredi, Wellens s&rsquo;est class\u00e9 17e de la Fl\u00e8che Wallonne alors que son jeune co\u00e9quipier terminait 4e. S&rsquo;il n&rsquo;a pas encore eu les r\u00e9sultats escompt\u00e9s, Wellens nous a annonc\u00e9 se sentir mieux, tout en saluant l&rsquo;\u00e9closion de son cadet. Il lui reste une chance de reprendre le leadership, ce dimanche, sur Li\u00e8ge-Bastogne-Li\u00e8ge.<\/p>\n<h6 style=\"text-align: justify;\"><strong><a href=\"https:\/\/cyclingpro.net\/velopro\/course\/fleche-wallonne\/quatrieme-de-la-fleche-wallonne-bjorg-lambrecht-vit-un-reve\/\">Lire aussi &gt; Quatri\u00e8me de la Fl\u00e8che Wallonne, Bjorg Lambrecht vit \u00ab\u00a0un r\u00eave\u00a0\u00bb<\/a><\/strong><\/h6>\n<p style=\"text-align: justify;\">\u00ab <em>C&rsquo;est d\u00e9j\u00e0 beaucoup mieux que sur l&rsquo;Amstel, je dois faire autour de la quinzi\u00e8me place. Li\u00e8ge sera la derni\u00e8re chance<\/em>, pr\u00e9venait Wellens devant notre cam\u00e9ra. <em>En tant qu&rsquo;\u00e9quipe, on a d\u00e9j\u00e0 tr\u00e8s bien fait avec Bjorg, on est tr\u00e8s content de lui. Faire d&rsquo;aussi bons r\u00e9sultats aussi jeune, c&rsquo;est tr\u00e8s impressionnant. A chaque fois, on a beaucoup de pression. Moi personnellement, je n&rsquo;ai pas encore fait de super r\u00e9sultat, mais avec Bjorg on ne peut pas se plaindre.<\/em>\u00a0 \u00bb<\/p>\n<p><strong>L&rsquo;int\u00e9gralit\u00e9 de sa r\u00e9action est \u00e0 \u00e9couter ci-dessous :\u00a0<\/strong><\/p>\n<p><span class=\"nSeFQREH4IsP3GxDOrcgMT12K5vomd6YUk9JzftW0CNwljbX8phB7AaiZL\"><iframe loading=\"lazy\" title=\"Tim Wellens - interview d&#039;arriv\u00e9e - La Fl\u00e8che wallonne 2019\" width=\"500\" height=\"281\" src=\"https:\/\/www.youtube.com\/embed\/5Fpk4sIbRbg?feature=oembed\" frameborder=\"0\" allow=\"accelerometer; autoplay; clipboard-write; encrypted-media; gyroscope; picture-in-picture; web-share\" referrerpolicy=\"strict-origin-when-cross-origin\" allowfullscreen><\/iframe><\/span><\/p>\n","protected":false},"excerpt":{"rendered":"<p>Lotto Soudal comptait beaucoup sur Tim Wellens pour les Ardennaises, c&rsquo;est finalement le jeune Bjorg Lambrecht qui encha\u00eene les bons r\u00e9sultats. Apr\u00e8s sa troisi\u00e8me place sur la Fl\u00e8che Braban\u00e7onne, le leader d\u00e9sign\u00e9 a \u00e9t\u00e9 \u00e9touff\u00e9 par la chaleur et contraint \u00e0 l&rsquo;abandon sur l&rsquo;Amstel. Lambrecht prenait lui la sixi\u00e8me place. Ce mercredi, Wellens s&rsquo;est class\u00e9 &hellip;<\/p>\n","protected":false},"author":15,"featured_media":114857,"comment_status":"open","ping_status":"open","sticky":false,"template":"","format":"standard","meta":{"footnotes":""},"categories":[11,56,8,15,18,19,28],"tags":[],"class_list":["post-114855","post","type-post","status-publish","format-standard","has-post-thumbnail","hentry","category-news-niveau-2","category-fleche-wallonne","category-interviews","category-route","category-videos","category-worldtour","category-course"],"_links":{"self":[{"href":"https:\/\/cyclingpro.net\/velopro\/wp-json\/wp\/v2\/posts\/114855","targetHints":{"allow":["GET"]}}],"collection":[{"href":"https:\/\/cyclingpro.net\/velopro\/wp-json\/wp\/v2\/posts"}],"about":[{"href":"https:\/\/cyclingpro.net\/velopro\/wp-json\/wp\/v2\/types\/post"}],"author":[{"embeddable":true,"href":"https:\/\/cyclingpro.net\/velopro\/wp-json\/wp\/v2\/users\/15"}],"replies":[{"embeddable":true,"href":"https:\/\/cyclingpro.net\/velopro\/wp-json\/wp\/v2\/comments?post=114855"}],"version-history":[{"count":2,"href":"https:\/\/cyclingpro.net\/velopro\/wp-json\/wp\/v2\/posts\/114855\/revisions"}],"predecessor-version":[{"id":114859,"href":"https:\/\/cyclingpro.net\/velopro\/wp-json\/wp\/v2\/posts\/114855\/revisions\/114859"}],"wp:featuredmedia":[{"embeddable":true,"href":"https:\/\/cyclingpro.net\/velopro\/wp-json\/wp\/v2\/media\/114857"}],"wp:attachment":[{"href":"https:\/\/cyclingpro.net\/velopro\/wp-json\/wp\/v2\/media?parent=114855"}],"wp:term":[{"taxonomy":"category","embeddable":true,"href":"https:\/\/cyclingpro.net\/velopro\/wp-json\/wp\/v2\/categories?post=114855"},{"taxonomy":"post_tag","embeddable":true,"href":"https:\/\/cyclingpro.net\/velopro\/wp-json\/wp\/v2\/tags?post=114855"}],"curies":[{"name":"wp","href":"https:\/\/api.w.org\/{rel}","templated":true}]}}