{"id":113594,"date":"2019-04-17T11:16:23","date_gmt":"2019-04-17T09:16:23","guid":{"rendered":"https:\/\/cyclingpro.net\/velopro\/?p=113594"},"modified":"2019-04-17T11:17:37","modified_gmt":"2019-04-17T09:17:37","slug":"pierre-luc-perichon-il-ny-a-que-la-victoire-qui-compte","status":"publish","type":"post","link":"https:\/\/cyclingpro.net\/velopro\/course\/paris-camembert\/pierre-luc-perichon-il-ny-a-que-la-victoire-qui-compte\/","title":{"rendered":"Pierre-Luc P\u00e9richon : \u00ab\u00a0Il n\u2019y a que la victoire qui compte\u00a0\u00bb"},"content":{"rendered":"<p style=\"text-align: justify;\">Arriv\u00e9 cette saison chez Cofidis, Pierre-Luc P\u00e9richon tient sa premier podium avec ses nouvelles couleurs. Toutefois, apr\u00e8s avoir flirt\u00e9 avec la victoire hier sur Paris-Camembert, le puncheur de 32 ans nourrissait naturellement quelques regrets. Laur\u00e9at de la classique normande en 2012, du temps o\u00f9 il \u00e9voluait chez La Pomme Marseille, P\u00e9richon s&rsquo;est heurt\u00e9 \u00e0 un beau collectif AG2R-La Mondiale qui l&rsquo;a finalement entour\u00e9 sur le podium final, Benoit Cosnefroy ravissant la victoire et Quentin Jaur\u00e9gui assurant la troisi\u00e8me place.<\/p>\n<p style=\"text-align: justify;\"><em>\u00ab\u00a0Je suis \u00e0 la fois content et d\u00e9\u00e7u,<\/em> a-t-il confi\u00e9 \u00e0 DirectV\u00e9lo. <em>Deuxi\u00e8me, \u00e7a signifie que je suis en bonne forme et en m\u00eame temps, j\u2019aurais forc\u00e9ment voulu gagner. Le probl\u00e8me, c\u2019est qu\u2019il y avait plusieurs \u00e9quipes repr\u00e9sent\u00e9es par deux coureurs : FDJ, AG2R, Ark\u00e9a, Direct Energie\u2026 C\u2019\u00e9tait compliqu\u00e9. Terminer deuxi\u00e8me dans ces conditions, c\u2019est quand m\u00eame pas si mal, mais il n\u2019y a que la victoire qui compte et j\u2019aurais aim\u00e9 lever les bras\u00a0\u00bb.<\/em><\/p>\n<p style=\"text-align: justify;\">Incapable de rejoindre Cosnefroy, sorti \u00e0 deux kilom\u00e8tres de l&rsquo;arriv\u00e9e avec Kevin Geniets (Groupama-FDJ), Pierre-Luc P\u00e9richon assure qu&rsquo;il ne pouvait<em>\u00ab\u00a0pas faire une meilleure course\u00a0\u00bb<\/em> mardi. Il esp\u00e8re d\u00e9sormais que la victoire<em> \u00ab\u00a0va venir\u00a0\u00bb<\/em>, et une nouvelle occasion se pr\u00e9sentera d&rsquo;ailleurs d\u00e8s ce week-end avec le Tour du Finisit\u00e8re.<\/p>\n","protected":false},"excerpt":{"rendered":"<p>Arriv\u00e9 cette saison chez Cofidis, Pierre-Luc P\u00e9richon tient sa premier podium avec ses nouvelles couleurs. Toutefois, apr\u00e8s avoir flirt\u00e9 avec la victoire hier sur Paris-Camembert, le puncheur de 32 ans nourrissait naturellement quelques regrets. Laur\u00e9at de la classique normande en 2012, du temps o\u00f9 il \u00e9voluait chez La Pomme Marseille, P\u00e9richon s&rsquo;est heurt\u00e9 \u00e0 un &hellip;<\/p>\n","protected":false},"author":5,"featured_media":113596,"comment_status":"open","ping_status":"open","sticky":false,"template":"","format":"standard","meta":{"footnotes":""},"categories":[11,87,15],"tags":[],"class_list":["post-113594","post","type-post","status-publish","format-standard","has-post-thumbnail","hentry","category-news-niveau-2","category-paris-camembert","category-route"],"_links":{"self":[{"href":"https:\/\/cyclingpro.net\/velopro\/wp-json\/wp\/v2\/posts\/113594","targetHints":{"allow":["GET"]}}],"collection":[{"href":"https:\/\/cyclingpro.net\/velopro\/wp-json\/wp\/v2\/posts"}],"about":[{"href":"https:\/\/cyclingpro.net\/velopro\/wp-json\/wp\/v2\/types\/post"}],"author":[{"embeddable":true,"href":"https:\/\/cyclingpro.net\/velopro\/wp-json\/wp\/v2\/users\/5"}],"replies":[{"embeddable":true,"href":"https:\/\/cyclingpro.net\/velopro\/wp-json\/wp\/v2\/comments?post=113594"}],"version-history":[{"count":1,"href":"https:\/\/cyclingpro.net\/velopro\/wp-json\/wp\/v2\/posts\/113594\/revisions"}],"predecessor-version":[{"id":113595,"href":"https:\/\/cyclingpro.net\/velopro\/wp-json\/wp\/v2\/posts\/113594\/revisions\/113595"}],"wp:featuredmedia":[{"embeddable":true,"href":"https:\/\/cyclingpro.net\/velopro\/wp-json\/wp\/v2\/media\/113596"}],"wp:attachment":[{"href":"https:\/\/cyclingpro.net\/velopro\/wp-json\/wp\/v2\/media?parent=113594"}],"wp:term":[{"taxonomy":"category","embeddable":true,"href":"https:\/\/cyclingpro.net\/velopro\/wp-json\/wp\/v2\/categories?post=113594"},{"taxonomy":"post_tag","embeddable":true,"href":"https:\/\/cyclingpro.net\/velopro\/wp-json\/wp\/v2\/tags?post=113594"}],"curies":[{"name":"wp","href":"https:\/\/api.w.org\/{rel}","templated":true}]}}