{"id":11330,"date":"2017-03-27T12:29:16","date_gmt":"2017-03-27T10:29:16","guid":{"rendered":"http:\/\/cyclingpro.net\/velopro\/?p=11330"},"modified":"2017-03-27T12:29:16","modified_gmt":"2017-03-27T10:29:16","slug":"vuelta-wild-cards-distribuees","status":"publish","type":"post","link":"https:\/\/cyclingpro.net\/velopro\/course\/vuelta-a-espana-tour-espagne\/vuelta-wild-cards-distribuees\/","title":{"rendered":"Vuelta\u00a0: Les wild cards distribu\u00e9es"},"content":{"rendered":"<p>Les organisateurs de la Vuelta viennent d&rsquo;annoncer officiellement les \u00e9quipes invit\u00e9es pour l&rsquo;\u00e9dition 2017. Sans surprise, on retrouvera les formations Cofidis et Caja Rural qui sont invit\u00e9es depuis de nombreuses \u00e9ditions maintenant. En revanche, la formation Direct Energie, qui avait pourtant anim\u00e9 la derni\u00e8re \u00e9dition avec notamment une victoire de Lilian Calmejane lors de la quatri\u00e8me \u00e9tape, et qui est invit\u00e9e depuis maintenant trois ans, n&rsquo;a pas \u00e9t\u00e9 retenue. La nouvelle formation Aqua Blue Sport aura l&rsquo;honneur de participer \u00e0 son premier Grand Tour pour sa premi\u00e8re ann\u00e9e dans le peloton, tout comme Manzana Postobon promue cette saison \u00e0 l&rsquo;\u00e9chelon Pro Continental. Ces quatre \u00e9quipes seront donc align\u00e9es au d\u00e9part en compagnie des 18 formations WorldTour automatiquement invit\u00e9e.<\/p>\n","protected":false},"excerpt":{"rendered":"<p>Les organisateurs de la Vuelta viennent d&rsquo;annoncer officiellement les \u00e9quipes invit\u00e9es pour l&rsquo;\u00e9dition 2017. Sans surprise, on retrouvera les formations Cofidis et Caja Rural qui sont invit\u00e9es depuis de nombreuses \u00e9ditions maintenant. En revanche, la formation Direct Energie, qui avait pourtant anim\u00e9 la derni\u00e8re \u00e9dition avec notamment une victoire de Lilian Calmejane lors de la &hellip;<\/p>\n","protected":false},"author":3,"featured_media":11331,"comment_status":"open","ping_status":"open","sticky":false,"template":"","format":"standard","meta":{"footnotes":""},"categories":[17,25,15,59],"tags":[],"class_list":["post-11330","post","type-post","status-publish","format-standard","has-post-thumbnail","hentry","category-une","category-news","category-route","category-vuelta-a-espana-tour-espagne"],"_links":{"self":[{"href":"https:\/\/cyclingpro.net\/velopro\/wp-json\/wp\/v2\/posts\/11330","targetHints":{"allow":["GET"]}}],"collection":[{"href":"https:\/\/cyclingpro.net\/velopro\/wp-json\/wp\/v2\/posts"}],"about":[{"href":"https:\/\/cyclingpro.net\/velopro\/wp-json\/wp\/v2\/types\/post"}],"author":[{"embeddable":true,"href":"https:\/\/cyclingpro.net\/velopro\/wp-json\/wp\/v2\/users\/3"}],"replies":[{"embeddable":true,"href":"https:\/\/cyclingpro.net\/velopro\/wp-json\/wp\/v2\/comments?post=11330"}],"version-history":[{"count":0,"href":"https:\/\/cyclingpro.net\/velopro\/wp-json\/wp\/v2\/posts\/11330\/revisions"}],"wp:featuredmedia":[{"embeddable":true,"href":"https:\/\/cyclingpro.net\/velopro\/wp-json\/wp\/v2\/media\/11331"}],"wp:attachment":[{"href":"https:\/\/cyclingpro.net\/velopro\/wp-json\/wp\/v2\/media?parent=11330"}],"wp:term":[{"taxonomy":"category","embeddable":true,"href":"https:\/\/cyclingpro.net\/velopro\/wp-json\/wp\/v2\/categories?post=11330"},{"taxonomy":"post_tag","embeddable":true,"href":"https:\/\/cyclingpro.net\/velopro\/wp-json\/wp\/v2\/tags?post=11330"}],"curies":[{"name":"wp","href":"https:\/\/api.w.org\/{rel}","templated":true}]}}