{"id":112068,"date":"2019-04-10T13:12:46","date_gmt":"2019-04-10T11:12:46","guid":{"rendered":"https:\/\/cyclingpro.net\/velopro\/?p=112068"},"modified":"2019-04-10T13:12:46","modified_gmt":"2019-04-10T11:12:46","slug":"tour-du-pays-basque-une-nouvelle-chance-pour-michal-kwiatkowski","status":"publish","type":"post","link":"https:\/\/cyclingpro.net\/velopro\/course\/itzulia-basque-country-vuelta-pais-vasco\/tour-du-pays-basque-une-nouvelle-chance-pour-michal-kwiatkowski\/","title":{"rendered":"Tour du Pays Basque : \u00ab Une nouvelle chance \u00bb pour Michal Kwiatkowski"},"content":{"rendered":"<p style=\"text-align: justify;\">Michal Kwiatkowski court toujours apr\u00e8s sa premi\u00e8re victoire de la saison. Avec six top5 au compteur en 2019, le champion de Pologne est pourtant en pleine forme. Toujours dans le match depuis ses premiers coups de p\u00e9dale de l&rsquo;ann\u00e9e, il tentera de nouveau sa chance ce mercredi sur la troisi\u00e8me \u00e9tape du Tour du Pays Basque. La veille, <a href=\"https:\/\/cyclingpro.net\/velopro\/course\/itzulia-basque-country-vuelta-pais-vasco\/tour-du-pays-basque-julian-alaphilippe-fait-parler-son-punch\/\">il s&rsquo;est class\u00e9 troisi\u00e8me, derri\u00e8re l&rsquo;intouchable Julian Alaphilippe et Bjorg Lambrecht.<\/a><\/p>\n<h6><strong><a href=\"https:\/\/cyclingpro.net\/velopro\/course\/itzulia-basque-country-vuelta-pais-vasco\/julian-alaphilippe-jai-produit-mon-effort-dans-les-derniers-metres-cetait-parfait\/\">Lire aussi &gt; Julian Alaphilippe : \u00ab J\u2019ai produit mon effort dans les derniers m\u00e8tres, c\u2019\u00e9tait parfait \u00bb\u00a0<\/a><\/strong><\/h6>\n<p style=\"text-align: justify;\">\u00ab <em>Alaphilippe \u00e9tait le plus fort hier&#8230; Que dire de plus? Aujourd&rsquo;hui est une nouvelle chance, avec un final similaire, <\/em>a-t-il d\u00e9crit \u00e0 notre micro<em>. Les deux derniers kilom\u00e8tres sont en mont\u00e9e, alors je vais tenter de gagner l&rsquo;\u00e9tape. Je n&rsquo;\u00e9tais pas en mesure de tenir le match avec lui hier, j&rsquo;esp\u00e8re r\u00e9ussir aujourd&rsquo;hui. La forme est bonne. Je suis toujours dans le coup depuis le d\u00e9but de saison, m\u00eame si je n&rsquo;ai pas encore gagn\u00e9. Je suis \u00e0 chaque fois dans le jeu, c&rsquo;est le plus important.\u00a0<\/em>\u00a0\u00bb<\/p>\n<p><strong>L&rsquo;int\u00e9gralit\u00e9 de son interview (en anglais) est \u00e0 \u00e9couter ci-dessous :<\/strong><\/p>\n<p><span class=\"Gosu0Rj5St\"><iframe loading=\"lazy\" title=\"Micha\u0142 Kwiatkowsk - Interview at the start - Stage 3 - Itzulia Basque Country 2019\" width=\"500\" height=\"281\" src=\"https:\/\/www.youtube.com\/embed\/KGvLK57__js?feature=oembed\" frameborder=\"0\" allow=\"accelerometer; autoplay; clipboard-write; encrypted-media; gyroscope; picture-in-picture; web-share\" referrerpolicy=\"strict-origin-when-cross-origin\" allowfullscreen><\/iframe><\/span><\/p>\n","protected":false},"excerpt":{"rendered":"<p>Michal Kwiatkowski court toujours apr\u00e8s sa premi\u00e8re victoire de la saison. Avec six top5 au compteur en 2019, le champion de Pologne est pourtant en pleine forme. Toujours dans le match depuis ses premiers coups de p\u00e9dale de l&rsquo;ann\u00e9e, il tentera de nouveau sa chance ce mercredi sur la troisi\u00e8me \u00e9tape du Tour du Pays &hellip;<\/p>\n","protected":false},"author":15,"featured_media":108888,"comment_status":"open","ping_status":"open","sticky":false,"template":"","format":"standard","meta":{"footnotes":""},"categories":[11,8,15,65,18,19,28],"tags":[],"class_list":["post-112068","post","type-post","status-publish","format-standard","has-post-thumbnail","hentry","category-news-niveau-2","category-interviews","category-route","category-itzulia-basque-country-vuelta-pais-vasco","category-videos","category-worldtour","category-course"],"_links":{"self":[{"href":"https:\/\/cyclingpro.net\/velopro\/wp-json\/wp\/v2\/posts\/112068","targetHints":{"allow":["GET"]}}],"collection":[{"href":"https:\/\/cyclingpro.net\/velopro\/wp-json\/wp\/v2\/posts"}],"about":[{"href":"https:\/\/cyclingpro.net\/velopro\/wp-json\/wp\/v2\/types\/post"}],"author":[{"embeddable":true,"href":"https:\/\/cyclingpro.net\/velopro\/wp-json\/wp\/v2\/users\/15"}],"replies":[{"embeddable":true,"href":"https:\/\/cyclingpro.net\/velopro\/wp-json\/wp\/v2\/comments?post=112068"}],"version-history":[{"count":2,"href":"https:\/\/cyclingpro.net\/velopro\/wp-json\/wp\/v2\/posts\/112068\/revisions"}],"predecessor-version":[{"id":112076,"href":"https:\/\/cyclingpro.net\/velopro\/wp-json\/wp\/v2\/posts\/112068\/revisions\/112076"}],"wp:featuredmedia":[{"embeddable":true,"href":"https:\/\/cyclingpro.net\/velopro\/wp-json\/wp\/v2\/media\/108888"}],"wp:attachment":[{"href":"https:\/\/cyclingpro.net\/velopro\/wp-json\/wp\/v2\/media?parent=112068"}],"wp:term":[{"taxonomy":"category","embeddable":true,"href":"https:\/\/cyclingpro.net\/velopro\/wp-json\/wp\/v2\/categories?post=112068"},{"taxonomy":"post_tag","embeddable":true,"href":"https:\/\/cyclingpro.net\/velopro\/wp-json\/wp\/v2\/tags?post=112068"}],"curies":[{"name":"wp","href":"https:\/\/api.w.org\/{rel}","templated":true}]}}