{"id":111017,"date":"2019-04-05T09:16:03","date_gmt":"2019-04-05T07:16:03","guid":{"rendered":"https:\/\/cyclingpro.net\/velopro\/?p=111017"},"modified":"2019-04-05T09:20:19","modified_gmt":"2019-04-05T07:20:19","slug":"route-adelie-presentation-de-ledition-2019","status":"publish","type":"post","link":"https:\/\/cyclingpro.net\/velopro\/course\/route-adelie-de-vitre\/route-adelie-presentation-de-ledition-2019\/","title":{"rendered":"Route Ad\u00e9lie : Pr\u00e9sentation de l&rsquo;\u00e9dition 2019"},"content":{"rendered":"<p style=\"text-align: justify;\"><strong>24e Route Ad\u00e9lie de Vitr\u00e9 (1.1), vendredi 5 avril 2019<\/strong><br \/>\nVitr\u00e9 &#8211; Vitr\u00e9 (197,8 km)<\/p>\n<p style=\"text-align: justify;\"><strong>Palmar\u00e8s<\/strong><\/p>\n<p style=\"text-align: justify;\">2018 DILLIER Silvan<br \/>\n2017 PICHON Laurent<br \/>\n2016 COQUARD Bryan<br \/>\n2015\u00a0FEILLU Romain<br \/>\n2014\u00a0COQUARD Bryan<br \/>\n2013\u00a0MALAGUTI Alessandro<br \/>\n2012\u00a0FERRARI Roberto<br \/>\n2011\u00a0DION Renaud<br \/>\n2010\u00a0GAUTIER Cyril<br \/>\n2009\u00a0COPPEL J\u00e9rome<br \/>\n2008\u00a0ISTA Kevyn<\/p>\n<p style=\"text-align: justify;\"><strong>Informations<\/strong><\/p>\n<p style=\"text-align: justify;\">La Route Ad\u00e9lie de Vitr\u00e9 est apparue en 1996 dans la continuit\u00e9 du Tour d\u2019Armorique arr\u00eat\u00e9 deux saisons plus t\u00f4t. Cette \u00e9preuve fran\u00e7aise, qui se d\u00e9roule \u00e0 l\u2019est de Rennes, a int\u00e9gr\u00e9 le calendrier de la Coupe de France depuis sa cr\u00e9ation mais elle s\u2019en est retir\u00e9e en 2008 pour le r\u00e9int\u00e9grer\u00a0en 2012. Elle constitue cette ann\u00e9e la quatri\u00e8me manche de la comp\u00e9tition hexagonale.<\/p>\n<p style=\"text-align: justify;\">Cette saison encore, le parcours traditionnel est reconduit,\u00a0avec deux boucles au programme. L\u2019une de 21,1 kilom\u00e8tres \u00e0 parcourir \u00e0 six reprises et une autre, plus courte, de 8,9 kilom\u00e8tres, qui\u00a0sera boucl\u00e9e huit fois. Quelques bosses, dont celles r\u00e9pertori\u00e9es de la Chesneli\u00e8re et de P\u00e9rouse, devraient comme \u00e0 l\u2019accoutum\u00e9e permettre d\u2019\u00e9cr\u00e9mer quelque peu le peloton. L\u2019an pass\u00e9,\u00a0Silvan Dillier (AG2R-La Mondiale) avait sign\u00e9 un retour tonitruant \u00e0 la comp\u00e9tition apr\u00e8s une fracture du doigt. Il l&rsquo;avait ainsi emport\u00e9 au terme d&rsquo;une tr\u00e8s longue \u00e9chapp\u00e9e face \u00e0 Benoit Vaugrenard et Justin Mottier, et ce une semaine avant sa m\u00e9morable deuxi\u00e8me place sur Paris-Roubaix.<\/p>\n<p style=\"text-align: justify;\">Actuellement pr\u00e9sent en Belgique pour la campagne des Flandriennes, le Suisse ne sera pas pr\u00e9sent ce vendredi pour d\u00e9fendre son titre. Si les attaquants ne trompent pas les sprinteurs dans cette \u00e9dition 2019, sont notamment attendus pour la lutte finale dans la derni\u00e8re ligne droite Lorrenzo Manzin (Vital Concept-B&amp;B Hotels), Cl\u00e9ment Venturini (AG2R-La Mondiale), Marc Sarreau (Groupama-FDJ), Thomas Boudat (Direct Energie), Rudy Barbier, Sondre Holst Enger (Israel Cycling Academy), Hugo Hofstetter (Cofidis), Matteo Malucelli (Caja Rural-Seguros RGA), Bram Welten (Ark\u00e9a-Samsic), Mikel Aristi (Euskadi-Murias),<\/p>\n<p style=\"text-align: justify;\"><strong>Cartes et profils<\/strong><\/p>\n<p style=\"text-align: justify;\"><span style=\"text-decoration: underline;\">Premier circuit<\/span><\/p>\n<div id='gallery-1' class='gallery galleryid-111017 gallery-columns-3 gallery-size-thumbnail'><figure class='gallery-item'>\n\t\t\t<div class='gallery-icon portrait'>\n\t\t\t\t<a href='https:\/\/cyclingpro.net\/velopro\/wp-content\/uploads\/2019\/04\/plan_circ233sy.jpg'><img loading=\"lazy\" decoding=\"async\" width=\"150\" height=\"150\" src=\"https:\/\/cyclingpro.net\/velopro\/wp-content\/uploads\/2019\/04\/plan_circ233sy-150x150.jpg\" class=\"attachment-thumbnail size-thumbnail\" alt=\"\" \/><\/a>\n\t\t\t<\/div><\/figure><figure class='gallery-item'>\n\t\t\t<div class='gallery-icon landscape'>\n\t\t\t\t<a href='https:\/\/cyclingpro.net\/velopro\/wp-content\/uploads\/2019\/04\/nprofil23_sy.gif'><img loading=\"lazy\" decoding=\"async\" width=\"900\" height=\"152\" src=\"https:\/\/cyclingpro.net\/velopro\/wp-content\/uploads\/2019\/04\/nprofil23_sy.gif\" class=\"attachment-thumbnail size-thumbnail\" alt=\"\" \/><\/a>\n\t\t\t<\/div><\/figure>\n\t\t<\/div>\n\n<p style=\"text-align: justify;\"><span style=\"text-decoration: underline;\">Deuxi\u00e8me circuit<\/span><\/p>\n<div id='gallery-2' class='gallery galleryid-111017 gallery-columns-3 gallery-size-thumbnail'><figure class='gallery-item'>\n\t\t\t<div class='gallery-icon portrait'>\n\t\t\t\t<a href='https:\/\/cyclingpro.net\/velopro\/wp-content\/uploads\/2019\/04\/plan_circ86sy.jpg'><img loading=\"lazy\" decoding=\"async\" width=\"150\" height=\"150\" src=\"https:\/\/cyclingpro.net\/velopro\/wp-content\/uploads\/2019\/04\/plan_circ86sy-150x150.jpg\" class=\"attachment-thumbnail size-thumbnail\" alt=\"\" \/><\/a>\n\t\t\t<\/div><\/figure><figure class='gallery-item'>\n\t\t\t<div class='gallery-icon landscape'>\n\t\t\t\t<a href='https:\/\/cyclingpro.net\/velopro\/wp-content\/uploads\/2019\/04\/nprofil8_sy.jpg'><img loading=\"lazy\" decoding=\"async\" width=\"150\" height=\"150\" src=\"https:\/\/cyclingpro.net\/velopro\/wp-content\/uploads\/2019\/04\/nprofil8_sy-150x150.jpg\" class=\"attachment-thumbnail size-thumbnail\" alt=\"\" \/><\/a>\n\t\t\t<\/div><\/figure>\n\t\t<\/div>\n\n<p style=\"text-align: justify;\"><span style=\"text-decoration: underline;\">Derniers kilom\u00e8tres<\/span><\/p>\n<p style=\"text-align: justify;\"><a href=\"https:\/\/cyclingpro.net\/velopro\/wp-content\/uploads\/2019\/04\/profilsarr.jpg\"><img loading=\"lazy\" decoding=\"async\" class=\"alignnone size-full wp-image-111022\" src=\"https:\/\/cyclingpro.net\/velopro\/wp-content\/uploads\/2019\/04\/profilsarr.jpg\" alt=\"\" width=\"575\" height=\"212\" srcset=\"https:\/\/cyclingpro.net\/velopro\/wp-content\/uploads\/2019\/04\/profilsarr.jpg 575w, https:\/\/cyclingpro.net\/velopro\/wp-content\/uploads\/2019\/04\/profilsarr-300x111.jpg 300w\" sizes=\"auto, (max-width: 575px) 100vw, 575px\" \/><\/a><\/p>\n<p style=\"text-align: justify;\"><strong>Liste des partants<\/strong><\/p>\n<p style=\"text-align: justify;\"><strong>1. Vital Concept \u2013 B&amp;B Hotels<\/strong><br \/>\n1 MOTTIER Justin<br \/>\n2 COURTEILLE Arnaud<br \/>\n3 ERMENAULT Corentin<br \/>\n4 FOURNIER Marc<br \/>\n5 GAUTIER Cyril<br \/>\n6 MANZIN Lorrenzo<br \/>\n7 REZA K\u00e9vin<\/p>\n<p style=\"text-align: justify;\"><strong>2. AG2R-La Mondiale<\/strong><br \/>\n11 BIDARD Fran\u00e7ois<br \/>\n12 BOUCHARD Geoffrey<br \/>\n13 COSNEFROY Beno\u00eet<br \/>\n14 DUMOULIN Samuel<br \/>\n15 JAUREGUI Quentin<br \/>\n16 PETERS Nans<br \/>\n17 VENTURINI Cl\u00e9ment<\/p>\n<p style=\"text-align: justify;\"><strong>3. Androni Giocattoli \u2013 Sidermec<\/strong><br \/>\n21 BUSATO Matteo<br \/>\n22 CARDONA Juli\u00e1n<br \/>\n23 FEDRIGO Leonardo<br \/>\n24 FRAPPORTI Mattia<br \/>\n25 SPREAFICO Matteo<br \/>\n26 VENDRAME Andrea<br \/>\n27 VIEL Mattia<\/p>\n<p style=\"text-align: justify;\"><strong>4. Groupama \u2013 FDJ<\/strong><br \/>\n31 DELAGE Micka\u00ebl<br \/>\n32 HOELGAARD Daniel<br \/>\n33 GENIETS Kevin<br \/>\n34 VAUGRENARD Beno\u00eet<br \/>\n35 MADOUAS Valentin<br \/>\n36 THOMAS Benjamin<br \/>\n37 SARREAU Marc<\/p>\n<p style=\"text-align: justify;\"><strong>5. Manzana Postobon<\/strong><br \/>\n41 CHIA Luis Carlos<br \/>\n42 G\u00d3MEZ Bryan<br \/>\n43 MENDOZA Omar<br \/>\n44 OCHOA Diego Antonio<br \/>\n45 OSORIO Juan Felipe<br \/>\n46 PARRA Jordan<br \/>\n47 RESTREPO Jhonatan<\/p>\n<p style=\"text-align: justify;\"><strong>6. Direct Energie<\/strong><br \/>\n51 BOUDAT Thomas<br \/>\n52 COUSIN J\u00e9r\u00f4me<br \/>\n53 G\u00c8NE Yohann<br \/>\n54 JOURNIAUX Axel<br \/>\n55 OURSELIN Paul<br \/>\n56 SELLIER Simon<br \/>\n57 TULIK Angelo<\/p>\n<p style=\"text-align: justify;\"><strong>7. Israel Cycling Academy<\/strong><br \/>\n61 BARBIER Rudy<br \/>\n62 BR\u00c4NDLE Matthias<br \/>\n63 CARISEY Cl\u00e9ment<br \/>\n64 CATAFORD Alexander<br \/>\n65 ENGER Sondre Holst<br \/>\n66 GOLDSTEIN Roy<\/p>\n<p style=\"text-align: justify;\"><strong>8. Cofidis, Solutions Cr\u00e9dits<\/strong><br \/>\n71 HOFSTETTER Hugo<br \/>\n72 LAFAY Victor<br \/>\n73 LE TURNIER Mathias<br \/>\n74 P\u00c9RICHON Pierre-Luc<br \/>\n75 SIMON Julien<br \/>\n76 SOUPE Geoffrey<\/p>\n<p style=\"text-align: justify;\"><strong>9. Caja Rural \u2013 Seguros RGA<\/strong><br \/>\n81 BANASZEK Alan<br \/>\n82 CA\u00d1ELLAS Xavier<br \/>\n83 MALUCELLI Matteo<br \/>\n84 MOREIRA Mauricio<br \/>\n85 MORA Sebasti\u00e1n<br \/>\n86 SOTO Nelson Andr\u00e9s<\/p>\n<div class=\"code-block code-block-3\" style=\"text-align: justify;\"><\/div>\n<p style=\"text-align: justify;\"><strong>10. Team Ark\u00e9a Samsic<\/strong><br \/>\n91 BONNAMOUR Franck<br \/>\n92 DANIEL Maxime<br \/>\n93 GESBERT \u00c9lie<br \/>\n94 HARDY Romain<br \/>\n95 PICHON Laurent<br \/>\n96 RIOU Alan<br \/>\n97 WELTEN Bram<\/p>\n<p style=\"text-align: justify;\"><strong>11. Euskadi Basque Country \u2013 Murias<\/strong><br \/>\n101 ARISTI Mikel<br \/>\n102 BARRENETXEA Ander<br \/>\n103 BARTHE Cyril<br \/>\n104 INTXAUSTI Be\u00f1at<br \/>\n105 L\u00d3PEZ-C\u00d3ZAR Juan Antonio<br \/>\n106 UDONDO Gotzon<br \/>\n107 VIEJO Jos\u00e9 Daniel<\/p>\n<p style=\"text-align: justify;\"><strong>12. Delko Marseille Provence<\/strong><br \/>\n111 ARERUYA Joseph<br \/>\n112 EL FARES Julien<br \/>\n113 GROSU Eduard Michael<br \/>\n114 GUERIN Alexis<br \/>\n115 KASPERKIEWICZ Przemys\u0142aw<br \/>\n116 LEVEAU J\u00e9r\u00e9my<br \/>\n117 SCHMIDT Fabien<\/p>\n<p style=\"text-align: justify;\"><strong>13. Wallonie-Bruxelles<\/strong><br \/>\n121 SIX Franklin<br \/>\n122 MOLLY Kenny<br \/>\n123 N\u00d5MMELA Aksel<br \/>\n124 PLANCKAERT Baptiste<br \/>\n125 ROBEET Ludovic<br \/>\n126 TAMINIAUX Lionel<br \/>\n127 WIRTGEN Tom<\/p>\n<p style=\"text-align: justify;\"><strong>14. St Michel \u2013 Auber93<\/strong><br \/>\n131 BALDO Nicolas<br \/>\n132 FEILLU Romain<br \/>\n133 HUREL Tony<br \/>\n134 JAKIN Alo<br \/>\n135 LE CUNFF K\u00e9vin<br \/>\n136 MALDONADO Anthony<br \/>\n137 VAN NIEKERK Morne<\/p>\n<p style=\"text-align: justify;\"><strong>15. Team Vorarlberg Santic<\/strong><br \/>\n141 BANZER Gordian<br \/>\n142 D\u00cdAZ Jos\u00e9 Manuel<br \/>\n143 ORRICO Davide<br \/>\n144 SCHELLING Patrick<br \/>\n145 STEIMLE Jannik<br \/>\n146 ST\u00dcSSI Colin<br \/>\n147 THALMANN Roland<\/p>\n<p style=\"text-align: justify;\"><strong>16. Natura4Ever \u2013 Roubaix Lille M\u00e9tropole<\/strong><br \/>\n151 ANTOMARCHI Julien<br \/>\n152 BARBIER Pierre<br \/>\n153 FERASSE Thibault<br \/>\n154 GOUAULT Pierre<br \/>\n155 IDJOUADIENE Pierre<br \/>\n156 MASSON Christophe<br \/>\n157 VAUBOURZEIX Thomas<\/p>\n<p style=\"text-align: justify;\"><strong>17. Team Lotto \u2013 Kern Haus<\/strong><br \/>\n161 D\u00d6RRIE Marc<br \/>\n162 KESSLER Robert<br \/>\n163 RASMANN Frederik<br \/>\n164 HEIDUK Kim<br \/>\n165 KUHN Jan<br \/>\n166 M\u00c4RKL Lukas<br \/>\n167 RUTSCH Jonas<\/p>\n<p style=\"text-align: justify;\"><strong>18. Swiss Racing Academy<\/strong><br \/>\n171 FRIESECKE Gian<br \/>\n172 KRAHEMANN Raphael<br \/>\n173 PAUMANN Fabian<br \/>\n174 RUEGG Lukas<br \/>\n175 SCHMID Mauro<br \/>\n176 THI\u00c8RY Cyrille<br \/>\n177 VOGEL Alex<\/p>\n<p style=\"text-align: justify;\"><strong>19. Rally UHC Cycling<\/strong><br \/>\n181 ANDERSON Ryan<br \/>\n182 CARPENTER Robin<br \/>\n183 COT\u00c9 Pier-Andr\u00e9<br \/>\n184 DAL-CIN Matteo<br \/>\n185 DE VOS Adam<br \/>\n186 ELLSAY Nigel<br \/>\n187 ORONTE Emerson<\/p>\n","protected":false},"excerpt":{"rendered":"<p>24e Route Ad\u00e9lie de Vitr\u00e9 (1.1), vendredi 5 avril 2019 Vitr\u00e9 &#8211; Vitr\u00e9 (197,8 km) Palmar\u00e8s 2018 DILLIER Silvan 2017 PICHON Laurent 2016 COQUARD Bryan 2015\u00a0FEILLU Romain 2014\u00a0COQUARD Bryan 2013\u00a0MALAGUTI Alessandro 2012\u00a0FERRARI Roberto 2011\u00a0DION Renaud 2010\u00a0GAUTIER Cyril 2009\u00a0COPPEL J\u00e9rome 2008\u00a0ISTA Kevyn Informations La Route Ad\u00e9lie de Vitr\u00e9 est apparue en 1996 dans la continuit\u00e9 du &hellip;<\/p>\n","protected":false},"author":5,"featured_media":111024,"comment_status":"open","ping_status":"open","sticky":false,"template":"","format":"standard","meta":{"footnotes":""},"categories":[17,24,15,96,16],"tags":[],"class_list":["post-111017","post","type-post","status-publish","format-standard","has-post-thumbnail","hentry","category-une","category-presentation-course","category-route","category-route-adelie-de-vitre","category-startlist"],"_links":{"self":[{"href":"https:\/\/cyclingpro.net\/velopro\/wp-json\/wp\/v2\/posts\/111017","targetHints":{"allow":["GET"]}}],"collection":[{"href":"https:\/\/cyclingpro.net\/velopro\/wp-json\/wp\/v2\/posts"}],"about":[{"href":"https:\/\/cyclingpro.net\/velopro\/wp-json\/wp\/v2\/types\/post"}],"author":[{"embeddable":true,"href":"https:\/\/cyclingpro.net\/velopro\/wp-json\/wp\/v2\/users\/5"}],"replies":[{"embeddable":true,"href":"https:\/\/cyclingpro.net\/velopro\/wp-json\/wp\/v2\/comments?post=111017"}],"version-history":[{"count":2,"href":"https:\/\/cyclingpro.net\/velopro\/wp-json\/wp\/v2\/posts\/111017\/revisions"}],"predecessor-version":[{"id":111025,"href":"https:\/\/cyclingpro.net\/velopro\/wp-json\/wp\/v2\/posts\/111017\/revisions\/111025"}],"wp:featuredmedia":[{"embeddable":true,"href":"https:\/\/cyclingpro.net\/velopro\/wp-json\/wp\/v2\/media\/111024"}],"wp:attachment":[{"href":"https:\/\/cyclingpro.net\/velopro\/wp-json\/wp\/v2\/media?parent=111017"}],"wp:term":[{"taxonomy":"category","embeddable":true,"href":"https:\/\/cyclingpro.net\/velopro\/wp-json\/wp\/v2\/categories?post=111017"},{"taxonomy":"post_tag","embeddable":true,"href":"https:\/\/cyclingpro.net\/velopro\/wp-json\/wp\/v2\/tags?post=111017"}],"curies":[{"name":"wp","href":"https:\/\/api.w.org\/{rel}","templated":true}]}}